{"id":15547,"date":"2022-11-10T13:44:58","date_gmt":"2022-11-10T16:44:58","guid":{"rendered":"https:\/\/cottolengo.org.br\/?p=15547"},"modified":"2022-11-10T13:44:58","modified_gmt":"2022-11-10T16:44:58","slug":"alegria-e-devocao-marcam-o-lancamento-da-campanha-doe-aconchego","status":"publish","type":"post","link":"https:\/\/cottolengo.org.br\/?p=15547","title":{"rendered":"Alegria e devo\u00e7\u00e3o marcam o lan\u00e7amento da campanha Doe Aconchego"},"content":{"rendered":"<p align=\"justify\"><span style=\"font-family: arial, helvetica, sans-serif; color: #333333;\">Nesta quarta-feira, 9 de novembro, teve in\u00edcio oficialmente a campanha Doe Aconchego, promovida pela Vila S\u00e3o Cottolengo. O lan\u00e7amento ocorreu com alegria e devo\u00e7\u00e3o na Pra\u00e7a da Amizade, \u00e1rea interna da institui\u00e7\u00e3o, e contou com a presen\u00e7a de dezenas de colaboradores, religiosos e convidados.<\/span><\/p>\n<p align=\"justify\"><span style=\"color: #333333;\"><span style=\"font-family: arial, helvetica, sans-serif;\">Neste ano, a campanha Doe Aconchego objetiva a arrecada\u00e7\u00e3o de fundos para a reforma das Unidades de Interna\u00e7\u00e3o Permanente, que abrigam mais de 300 pacientes com defici\u00eancias m\u00faltiplas, assistidos em tempo integral na Vila S\u00e3o Cottolengo. A<\/span><span style=\"font-family: arial, helvetica, sans-serif;\">\u00a0abertura do evento foi realizada pelo Diretor Presidente da Vila, Pe. Marco Aur\u00e9lio Martins CSsR, com palavras otimistas e inspiradoras. Ele conclamou a participa\u00e7\u00e3o de todos e ressaltou a import\u00e2ncia dessa a\u00e7\u00e3o para a manuten\u00e7\u00e3o das obras. <\/span><\/span><\/p>\n<p align=\"justify\"><span style=\"color: #333333;\"><span style=\"font-family: arial, helvetica, sans-serif;\">A jornalista da institui\u00e7\u00e3o, Taissa Gracik, apresentou o motivo da campanha e destacou maneiras atrativas de engajamento dos colaboradores.\u00a0<\/span><span style=\"font-family: arial, helvetica, sans-serif;\">Esta edi\u00e7\u00e3o da campanha conta com a colabora\u00e7\u00e3o de padrinhos e madrinhas que auxiliar\u00e3o na divulga\u00e7\u00e3o por meio de m\u00eddias sociais. Entre eles, marcaram presen\u00e7a no lan\u00e7amento o Pe. Welinton Silva, Pe. Jo\u00e3o Bosco, Talitta di Martino, Walter Jos\u00e9 (Valtinho), Ruana Ribeiro e o vereador Marco Ferreira.<\/span><\/span><\/p>\n<p align=\"justify\"><span style=\"font-family: arial, helvetica, sans-serif; color: #333333;\">Durante a apresenta\u00e7\u00e3o, Taissa refor\u00e7ou que \u201cn\u00e3o somos nada sozinhos. Afinal, fazemos parte da mesma Fam\u00edlia S\u00e3o Cottolengo. Escrevemos juntos esta hist\u00f3ria de amor aos pacientes\u201d. E na sequ\u00eancia, citou uma passagem da B\u00edblia: \u201cQue vos amei uns aos outros assim como eu vos amei\u201d (Jo\u00e3o 15,12), como forma de demonstrar a relev\u00e2ncia da participa\u00e7\u00e3o dos colaboradores nessa campanha de final de ano.<\/span><\/p>\n<h2 class=\"western\"><span style=\"font-family: arial, helvetica, sans-serif; color: #333333;\"><b>Arrecada\u00e7\u00e3o<\/b><\/span><\/h2>\n<p align=\"justify\"><span style=\"font-family: arial, helvetica, sans-serif; color: #333333;\">Nesta edi\u00e7\u00e3o, a cada R$ 20 doados \u00e0 Vila a pessoa recebe um cupom para concorrer ao sorteio de valiosos pr\u00eamios: 1 moto Honda Fan 0km, 1 iPhone 13 e 1 TV Samsung 50\u201d. O valor arrecadado ser\u00e1 integralmente aplicado na reforma das Unidades de Interna\u00e7\u00e3o Permanente.<\/span><\/p>\n<p align=\"justify\"><span style=\"font-family: arial, helvetica, sans-serif; color: #333333;\">A campanha Doe Aconchego segue at\u00e9 o dia 10 de janeiro de 2023, e o sorteio ser\u00e1 realizado no dia 18 de janeiro, \u00e0s 9h, com transmiss\u00e3o ao vivo pelo Instagram da Vila S\u00e3o Cottolengo. Para participar, o interessado pode fazer sua doa\u00e7\u00e3o aos colaboradores cadastrados, em a\u00e7\u00f5es externas da institui\u00e7\u00e3o, na recep\u00e7\u00e3o da Vila ou entrar em contato pelo WhatsApp (62) 99965-5347.<\/span><\/p>\n<p><span style=\"color: #333333;\">Clique no link abaixo e veja o Regulamento da campanha Doe Aconchego 2022<\/span><\/p>\n<p><a href=\"https:\/\/cottolengo.org.br\/wp-content\/uploads\/2022\/11\/REGULAMENTO-CAMPANHA-DOE-ACONCHEGO-2022.pdf\">https:\/\/cottolengo.org.br\/wp-content\/uploads\/2022\/11\/REGULAMENTO-CAMPANHA-DOE-ACONCHEGO-2022.pdf<\/a><\/p>\n","protected":false},"excerpt":{"rendered":"<p>A campanha tem o objetivo de arrecadar fundos para a reforma das Unidades de Interna\u00e7\u00e3o Permanente da Vila<\/p>\n","protected":false},"author":1,"featured_media":15548,"comment_status":"closed","ping_status":"closed","sticky":false,"template":"","format":"standard","meta":{"_acf_changed":false,"footnotes":""},"categories":[11],"tags":[71,86,125,13],"class_list":["post-15547","post","type-post","status-publish","format-standard","has-post-thumbnail","hentry","category-cottolengo","tag-campanha","tag-colaboradores","tag-doe-aconchego","tag-vila-sao-cottolengo"],"acf":[],"yoast_head":"<!-- This site is optimized with the Yoast SEO plugin v27.2 - https:\/\/yoast.com\/product\/yoast-seo-wordpress\/ -->\n<title>Alegria e devo\u00e7\u00e3o marcam o lan\u00e7amento da campanha Doe Aconchego - Nossa Providencia \u00e9 Voc\u00ea<\/title>\n<meta name=\"description\" content=\"A campanha tem o objetivo de arrecadar fundos para a reforma das Unidades de Interna\u00e7\u00e3o Permanente da Vila\" \/>\n<meta name=\"robots\" content=\"index, follow, max-snippet:-1, max-image-preview:large, max-video-preview:-1\" \/>\n<link rel=\"canonical\" href=\"https:\/\/cottolengo.org.br\/?p=15547\" \/>\n<meta property=\"og:locale\" content=\"pt_BR\" \/>\n<meta property=\"og:type\" content=\"article\" \/>\n<meta property=\"og:title\" content=\"Alegria e devo\u00e7\u00e3o marcam o lan\u00e7amento da campanha Doe Aconchego - Nossa Providencia \u00e9 Voc\u00ea\" \/>\n<meta property=\"og:description\" content=\"A campanha tem o objetivo de arrecadar fundos para a reforma das Unidades de Interna\u00e7\u00e3o Permanente da Vila\" \/>\n<meta property=\"og:url\" content=\"https:\/\/cottolengo.org.br\/?p=15547\" \/>\n<meta property=\"og:site_name\" content=\"Nossa Providencia \u00e9 Voc\u00ea\" \/>\n<meta property=\"article:published_time\" content=\"2022-11-10T16:44:58+00:00\" \/>\n<meta name=\"author\" content=\"agencia\" \/>\n<meta name=\"twitter:card\" content=\"summary_large_image\" \/>\n<meta name=\"twitter:label1\" content=\"Escrito por\" \/>\n\t<meta name=\"twitter:data1\" content=\"agencia\" \/>\n\t<meta name=\"twitter:label2\" content=\"Est. tempo de leitura\" \/>\n\t<meta name=\"twitter:data2\" content=\"3 minutos\" \/>\n<script type=\"application\/ld+json\" class=\"yoast-schema-graph\">{\"@context\":\"https:\/\/schema.org\",\"@graph\":[{\"@type\":\"Article\",\"@id\":\"https:\/\/cottolengo.org.br\/?p=15547#article\",\"isPartOf\":{\"@id\":\"https:\/\/cottolengo.org.br\/?p=15547\"},\"author\":{\"name\":\"agencia\",\"@id\":\"https:\/\/cottolengo.org.br\/#\/schema\/person\/964e23bf508df6935336ee8da52c27c9\"},\"headline\":\"Alegria e devo\u00e7\u00e3o marcam o lan\u00e7amento da campanha Doe Aconchego\",\"datePublished\":\"2022-11-10T16:44:58+00:00\",\"mainEntityOfPage\":{\"@id\":\"https:\/\/cottolengo.org.br\/?p=15547\"},\"wordCount\":423,\"publisher\":{\"@id\":\"https:\/\/cottolengo.org.br\/#organization\"},\"image\":{\"@id\":\"https:\/\/cottolengo.org.br\/?p=15547#primaryimage\"},\"thumbnailUrl\":\"\",\"keywords\":[\"campanha\",\"colaboradores\",\"Doe Aconchego\",\"Vila S\u00e3o Cottolengo\"],\"articleSection\":[\"Cottolengo\"],\"inLanguage\":\"pt-BR\"},{\"@type\":\"WebPage\",\"@id\":\"https:\/\/cottolengo.org.br\/?p=15547\",\"url\":\"https:\/\/cottolengo.org.br\/?p=15547\",\"name\":\"Alegria e devo\u00e7\u00e3o marcam o lan\u00e7amento da campanha Doe Aconchego - Nossa Providencia \u00e9 Voc\u00ea\",\"isPartOf\":{\"@id\":\"https:\/\/cottolengo.org.br\/#website\"},\"primaryImageOfPage\":{\"@id\":\"https:\/\/cottolengo.org.br\/?p=15547#primaryimage\"},\"image\":{\"@id\":\"https:\/\/cottolengo.org.br\/?p=15547#primaryimage\"},\"thumbnailUrl\":\"\",\"datePublished\":\"2022-11-10T16:44:58+00:00\",\"description\":\"A campanha tem o objetivo de arrecadar fundos para a reforma das Unidades de Interna\u00e7\u00e3o Permanente da Vila\",\"breadcrumb\":{\"@id\":\"https:\/\/cottolengo.org.br\/?p=15547#breadcrumb\"},\"inLanguage\":\"pt-BR\",\"potentialAction\":[{\"@type\":\"ReadAction\",\"target\":[\"https:\/\/cottolengo.org.br\/?p=15547\"]}]},{\"@type\":\"ImageObject\",\"inLanguage\":\"pt-BR\",\"@id\":\"https:\/\/cottolengo.org.br\/?p=15547#primaryimage\",\"url\":\"\",\"contentUrl\":\"\"},{\"@type\":\"BreadcrumbList\",\"@id\":\"https:\/\/cottolengo.org.br\/?p=15547#breadcrumb\",\"itemListElement\":[{\"@type\":\"ListItem\",\"position\":1,\"name\":\"In\u00edcio\",\"item\":\"https:\/\/cottolengo.org.br\/\"},{\"@type\":\"ListItem\",\"position\":2,\"name\":\"Alegria e devo\u00e7\u00e3o marcam o lan\u00e7amento da campanha Doe Aconchego\"}]},{\"@type\":\"WebSite\",\"@id\":\"https:\/\/cottolengo.org.br\/#website\",\"url\":\"https:\/\/cottolengo.org.br\/\",\"name\":\"Vila S\u00e3o Cottolengo\",\"description\":\"\",\"publisher\":{\"@id\":\"https:\/\/cottolengo.org.br\/#organization\"},\"potentialAction\":[{\"@type\":\"SearchAction\",\"target\":{\"@type\":\"EntryPoint\",\"urlTemplate\":\"https:\/\/cottolengo.org.br\/?s={search_term_string}\"},\"query-input\":{\"@type\":\"PropertyValueSpecification\",\"valueRequired\":true,\"valueName\":\"search_term_string\"}}],\"inLanguage\":\"pt-BR\"},{\"@type\":\"Organization\",\"@id\":\"https:\/\/cottolengo.org.br\/#organization\",\"name\":\"Vila S\u00e3o Cottolengo\",\"url\":\"https:\/\/cottolengo.org.br\/\",\"logo\":{\"@type\":\"ImageObject\",\"inLanguage\":\"pt-BR\",\"@id\":\"https:\/\/cottolengo.org.br\/#\/schema\/logo\/image\/\",\"url\":\"https:\/\/cottolengo.org.br\/wp-content\/uploads\/2025\/05\/logo-oficial.png\",\"contentUrl\":\"https:\/\/cottolengo.org.br\/wp-content\/uploads\/2025\/05\/logo-oficial.png\",\"width\":200,\"height\":150,\"caption\":\"Vila S\u00e3o Cottolengo\"},\"image\":{\"@id\":\"https:\/\/cottolengo.org.br\/#\/schema\/logo\/image\/\"},\"sameAs\":[\"https:\/\/youtube.com\/user\/VilaSaoCottolengo\",\"https:\/\/instagram.com\/vilasaocottolengo\"]},{\"@type\":\"Person\",\"@id\":\"https:\/\/cottolengo.org.br\/#\/schema\/person\/964e23bf508df6935336ee8da52c27c9\",\"name\":\"agencia\",\"image\":{\"@type\":\"ImageObject\",\"inLanguage\":\"pt-BR\",\"@id\":\"https:\/\/secure.gravatar.com\/avatar\/4b7e211b49014369f51c8e09acdd2b65afa7ce2ee83764b3c090dc1f607a8ddd?s=96&d=mm&r=g\",\"url\":\"https:\/\/secure.gravatar.com\/avatar\/4b7e211b49014369f51c8e09acdd2b65afa7ce2ee83764b3c090dc1f607a8ddd?s=96&d=mm&r=g\",\"contentUrl\":\"https:\/\/secure.gravatar.com\/avatar\/4b7e211b49014369f51c8e09acdd2b65afa7ce2ee83764b3c090dc1f607a8ddd?s=96&d=mm&r=g\",\"caption\":\"agencia\"},\"sameAs\":[\"https:\/\/cottolengo.org.br\"],\"url\":\"https:\/\/cottolengo.org.br\/?author=1\"}]}<\/script>\n<!-- \/ Yoast SEO plugin. -->","yoast_head_json":{"title":"Alegria e devo\u00e7\u00e3o marcam o lan\u00e7amento da campanha Doe Aconchego - Nossa Providencia \u00e9 Voc\u00ea","description":"A campanha tem o objetivo de arrecadar fundos para a reforma das Unidades de Interna\u00e7\u00e3o Permanente da Vila","robots":{"index":"index","follow":"follow","max-snippet":"max-snippet:-1","max-image-preview":"max-image-preview:large","max-video-preview":"max-video-preview:-1"},"canonical":"https:\/\/cottolengo.org.br\/?p=15547","og_locale":"pt_BR","og_type":"article","og_title":"Alegria e devo\u00e7\u00e3o marcam o lan\u00e7amento da campanha Doe Aconchego - Nossa Providencia \u00e9 Voc\u00ea","og_description":"A campanha tem o objetivo de arrecadar fundos para a reforma das Unidades de Interna\u00e7\u00e3o Permanente da Vila","og_url":"https:\/\/cottolengo.org.br\/?p=15547","og_site_name":"Nossa Providencia \u00e9 Voc\u00ea","article_published_time":"2022-11-10T16:44:58+00:00","author":"agencia","twitter_card":"summary_large_image","twitter_misc":{"Escrito por":"agencia","Est. tempo de leitura":"3 minutos"},"schema":{"@context":"https:\/\/schema.org","@graph":[{"@type":"Article","@id":"https:\/\/cottolengo.org.br\/?p=15547#article","isPartOf":{"@id":"https:\/\/cottolengo.org.br\/?p=15547"},"author":{"name":"agencia","@id":"https:\/\/cottolengo.org.br\/#\/schema\/person\/964e23bf508df6935336ee8da52c27c9"},"headline":"Alegria e devo\u00e7\u00e3o marcam o lan\u00e7amento da campanha Doe Aconchego","datePublished":"2022-11-10T16:44:58+00:00","mainEntityOfPage":{"@id":"https:\/\/cottolengo.org.br\/?p=15547"},"wordCount":423,"publisher":{"@id":"https:\/\/cottolengo.org.br\/#organization"},"image":{"@id":"https:\/\/cottolengo.org.br\/?p=15547#primaryimage"},"thumbnailUrl":"","keywords":["campanha","colaboradores","Doe Aconchego","Vila S\u00e3o Cottolengo"],"articleSection":["Cottolengo"],"inLanguage":"pt-BR"},{"@type":"WebPage","@id":"https:\/\/cottolengo.org.br\/?p=15547","url":"https:\/\/cottolengo.org.br\/?p=15547","name":"Alegria e devo\u00e7\u00e3o marcam o lan\u00e7amento da campanha Doe Aconchego - Nossa Providencia \u00e9 Voc\u00ea","isPartOf":{"@id":"https:\/\/cottolengo.org.br\/#website"},"primaryImageOfPage":{"@id":"https:\/\/cottolengo.org.br\/?p=15547#primaryimage"},"image":{"@id":"https:\/\/cottolengo.org.br\/?p=15547#primaryimage"},"thumbnailUrl":"","datePublished":"2022-11-10T16:44:58+00:00","description":"A campanha tem o objetivo de arrecadar fundos para a reforma das Unidades de Interna\u00e7\u00e3o Permanente da Vila","breadcrumb":{"@id":"https:\/\/cottolengo.org.br\/?p=15547#breadcrumb"},"inLanguage":"pt-BR","potentialAction":[{"@type":"ReadAction","target":["https:\/\/cottolengo.org.br\/?p=15547"]}]},{"@type":"ImageObject","inLanguage":"pt-BR","@id":"https:\/\/cottolengo.org.br\/?p=15547#primaryimage","url":"","contentUrl":""},{"@type":"BreadcrumbList","@id":"https:\/\/cottolengo.org.br\/?p=15547#breadcrumb","itemListElement":[{"@type":"ListItem","position":1,"name":"In\u00edcio","item":"https:\/\/cottolengo.org.br\/"},{"@type":"ListItem","position":2,"name":"Alegria e devo\u00e7\u00e3o marcam o lan\u00e7amento da campanha Doe Aconchego"}]},{"@type":"WebSite","@id":"https:\/\/cottolengo.org.br\/#website","url":"https:\/\/cottolengo.org.br\/","name":"Vila S\u00e3o Cottolengo","description":"","publisher":{"@id":"https:\/\/cottolengo.org.br\/#organization"},"potentialAction":[{"@type":"SearchAction","target":{"@type":"EntryPoint","urlTemplate":"https:\/\/cottolengo.org.br\/?s={search_term_string}"},"query-input":{"@type":"PropertyValueSpecification","valueRequired":true,"valueName":"search_term_string"}}],"inLanguage":"pt-BR"},{"@type":"Organization","@id":"https:\/\/cottolengo.org.br\/#organization","name":"Vila S\u00e3o Cottolengo","url":"https:\/\/cottolengo.org.br\/","logo":{"@type":"ImageObject","inLanguage":"pt-BR","@id":"https:\/\/cottolengo.org.br\/#\/schema\/logo\/image\/","url":"https:\/\/cottolengo.org.br\/wp-content\/uploads\/2025\/05\/logo-oficial.png","contentUrl":"https:\/\/cottolengo.org.br\/wp-content\/uploads\/2025\/05\/logo-oficial.png","width":200,"height":150,"caption":"Vila S\u00e3o Cottolengo"},"image":{"@id":"https:\/\/cottolengo.org.br\/#\/schema\/logo\/image\/"},"sameAs":["https:\/\/youtube.com\/user\/VilaSaoCottolengo","https:\/\/instagram.com\/vilasaocottolengo"]},{"@type":"Person","@id":"https:\/\/cottolengo.org.br\/#\/schema\/person\/964e23bf508df6935336ee8da52c27c9","name":"agencia","image":{"@type":"ImageObject","inLanguage":"pt-BR","@id":"https:\/\/secure.gravatar.com\/avatar\/4b7e211b49014369f51c8e09acdd2b65afa7ce2ee83764b3c090dc1f607a8ddd?s=96&d=mm&r=g","url":"https:\/\/secure.gravatar.com\/avatar\/4b7e211b49014369f51c8e09acdd2b65afa7ce2ee83764b3c090dc1f607a8ddd?s=96&d=mm&r=g","contentUrl":"https:\/\/secure.gravatar.com\/avatar\/4b7e211b49014369f51c8e09acdd2b65afa7ce2ee83764b3c090dc1f607a8ddd?s=96&d=mm&r=g","caption":"agencia"},"sameAs":["https:\/\/cottolengo.org.br"],"url":"https:\/\/cottolengo.org.br\/?author=1"}]}},"_links":{"self":[{"href":"https:\/\/cottolengo.org.br\/index.php?rest_route=\/wp\/v2\/posts\/15547","targetHints":{"allow":["GET"]}}],"collection":[{"href":"https:\/\/cottolengo.org.br\/index.php?rest_route=\/wp\/v2\/posts"}],"about":[{"href":"https:\/\/cottolengo.org.br\/index.php?rest_route=\/wp\/v2\/types\/post"}],"author":[{"embeddable":true,"href":"https:\/\/cottolengo.org.br\/index.php?rest_route=\/wp\/v2\/users\/1"}],"replies":[{"embeddable":true,"href":"https:\/\/cottolengo.org.br\/index.php?rest_route=%2Fwp%2Fv2%2Fcomments&post=15547"}],"version-history":[{"count":0,"href":"https:\/\/cottolengo.org.br\/index.php?rest_route=\/wp\/v2\/posts\/15547\/revisions"}],"wp:featuredmedia":[{"embeddable":true,"href":"https:\/\/cottolengo.org.br\/index.php?rest_route=\/"}],"wp:attachment":[{"href":"https:\/\/cottolengo.org.br\/index.php?rest_route=%2Fwp%2Fv2%2Fmedia&parent=15547"}],"wp:term":[{"taxonomy":"category","embeddable":true,"href":"https:\/\/cottolengo.org.br\/index.php?rest_route=%2Fwp%2Fv2%2Fcategories&post=15547"},{"taxonomy":"post_tag","embeddable":true,"href":"https:\/\/cottolengo.org.br\/index.php?rest_route=%2Fwp%2Fv2%2Ftags&post=15547"}],"curies":[{"name":"wp","href":"https:\/\/api.w.org\/{rel}","templated":true}]}}