{"id":15614,"date":"2022-12-01T20:02:05","date_gmt":"2022-12-01T23:02:05","guid":{"rendered":"https:\/\/cottolengo.org.br\/?p=15614"},"modified":"2022-12-01T20:02:05","modified_gmt":"2022-12-01T23:02:05","slug":"aniversariantes-de-novembro-sao-abencoados-durante-festa-de-aniversario","status":"publish","type":"post","link":"https:\/\/cottolengo.org.br\/?p=15614","title":{"rendered":"Aniversariantes de novembro s\u00e3o aben\u00e7oados durante festa de anivers\u00e1rio"},"content":{"rendered":"<p class=\"western\" align=\"justify\"><span style=\"color: #262626;\"><span style=\"font-family: Arial, sans-serif;\"><span style=\"font-size: medium;\"><span lang=\"pt-BR\">A <\/span><\/span><\/span><\/span><span style=\"color: #262626;\"><span style=\"font-family: Arial, sans-serif;\"><span style=\"font-size: medium;\"><span lang=\"pt-BR\">comemora\u00e7\u00e3o dos anivers\u00e1rios do m\u00eas de novembro foi incr\u00edvel! Entre os dias 21 e 22, todos os colaboradores que fazem anivers\u00e1rio ao longo de novembro participaram de uma festividade destinada a celebrar a vida de cada um deles. A comemora\u00e7\u00e3o \u00e9 realizada mensalmente como forma de valorizar a atua\u00e7\u00e3o e a viv\u00eancia daqueles que fazem parte da Vila S\u00e3o Cottolengo. <\/span><\/span><\/span><\/span><\/p>\n<p class=\"western\" align=\"justify\"><span style=\"color: #262626;\"><span style=\"font-family: Arial, sans-serif;\"><span style=\"font-size: medium;\">Durante a comemora\u00e7\u00e3o, o padre Marco Aur\u00e9lio, diretor-presidente da institui\u00e7\u00e3o, aben\u00e7oou a vida dos aniversariantes e agradeceu por todo o empenho em fazer com que a miss\u00e3o da Vila continue sempre viva. A Irm\u00e3 Amanda Teixeira tamb\u00e9m esteve presente no evento para prestigiar os aniversariantes e celebrar com cada um deles.<\/span><\/span><\/span><\/p>\n<p class=\"western\" align=\"justify\"><span style=\"color: #262626;\">\u201c<span style=\"font-family: Arial, sans-serif;\"><span style=\"font-size: medium;\"><span lang=\"pt-BR\">Cuidar com amor\u201d \u00e9 o nosso prop\u00f3sito e o cuidado vai al\u00e9m dos nossos pacientes. A aten\u00e7\u00e3o aos colaboradores \u00e9 um dos pilares para expressar <\/span><\/span><\/span><\/span><span style=\"color: #262626;\"><span style=\"font-family: Arial, sans-serif;\"><span style=\"font-size: medium;\"><span lang=\"pt-BR\">o que se vive diariamente na institui\u00e7\u00e3o: o carinho, o agradecimento e a fraternidade. Parab\u00e9ns a todos os aniversariantes de novembro!<\/span><\/span><\/span><\/span><\/p>\n<p style=\"text-align: center;\" align=\"justify\"><strong>Veja as fotos da festividade<\/strong><\/p>\n\n<p align=\"justify\"><em>Taissa Gracik<\/em><\/p>\n","protected":false},"excerpt":{"rendered":"<p>O Padre Marco Aur\u00e9lio, diretor-presidente da Vila, realizou uma b\u00ean\u00e7\u00e3o especial aos colaboradores aniversariantes durante a festividade<\/p>\n","protected":false},"author":1,"featured_media":15615,"comment_status":"closed","ping_status":"closed","sticky":false,"template":"","format":"standard","meta":{"_acf_changed":false,"footnotes":""},"categories":[11],"tags":[82,106,119,13],"class_list":["post-15614","post","type-post","status-publish","format-standard","has-post-thumbnail","hentry","category-cottolengo","tag-aniversario","tag-festa","tag-festividade","tag-vila-sao-cottolengo"],"acf":[],"yoast_head":"<!-- This site is optimized with the Yoast SEO plugin v27.2 - https:\/\/yoast.com\/product\/yoast-seo-wordpress\/ -->\n<title>Aniversariantes de novembro s\u00e3o aben\u00e7oados durante festa de anivers\u00e1rio - Nossa Providencia \u00e9 Voc\u00ea<\/title>\n<meta name=\"description\" content=\"O Padre Marco Aur\u00e9lio, diretor-presidente da Vila, realizou uma b\u00ean\u00e7\u00e3o especial aos colaboradores aniversariantes durante a festividade\" \/>\n<meta name=\"robots\" content=\"index, follow, max-snippet:-1, max-image-preview:large, max-video-preview:-1\" \/>\n<link rel=\"canonical\" href=\"https:\/\/cottolengo.org.br\/?p=15614\" \/>\n<meta property=\"og:locale\" content=\"pt_BR\" \/>\n<meta property=\"og:type\" content=\"article\" \/>\n<meta property=\"og:title\" content=\"Aniversariantes de novembro s\u00e3o aben\u00e7oados durante festa de anivers\u00e1rio - Nossa Providencia \u00e9 Voc\u00ea\" \/>\n<meta property=\"og:description\" content=\"O Padre Marco Aur\u00e9lio, diretor-presidente da Vila, realizou uma b\u00ean\u00e7\u00e3o especial aos colaboradores aniversariantes durante a festividade\" \/>\n<meta property=\"og:url\" content=\"https:\/\/cottolengo.org.br\/?p=15614\" \/>\n<meta property=\"og:site_name\" content=\"Nossa Providencia \u00e9 Voc\u00ea\" \/>\n<meta property=\"article:published_time\" content=\"2022-12-01T23:02:05+00:00\" \/>\n<meta name=\"author\" content=\"agencia\" \/>\n<meta name=\"twitter:card\" content=\"summary_large_image\" \/>\n<meta name=\"twitter:label1\" content=\"Escrito por\" \/>\n\t<meta name=\"twitter:data1\" content=\"agencia\" \/>\n\t<meta name=\"twitter:label2\" content=\"Est. tempo de leitura\" \/>\n\t<meta name=\"twitter:data2\" content=\"1 minuto\" \/>\n<script type=\"application\/ld+json\" class=\"yoast-schema-graph\">{\"@context\":\"https:\/\/schema.org\",\"@graph\":[{\"@type\":\"Article\",\"@id\":\"https:\/\/cottolengo.org.br\/?p=15614#article\",\"isPartOf\":{\"@id\":\"https:\/\/cottolengo.org.br\/?p=15614\"},\"author\":{\"name\":\"agencia\",\"@id\":\"https:\/\/cottolengo.org.br\/#\/schema\/person\/964e23bf508df6935336ee8da52c27c9\"},\"headline\":\"Aniversariantes de novembro s\u00e3o aben\u00e7oados durante festa de anivers\u00e1rio\",\"datePublished\":\"2022-12-01T23:02:05+00:00\",\"mainEntityOfPage\":{\"@id\":\"https:\/\/cottolengo.org.br\/?p=15614\"},\"wordCount\":198,\"publisher\":{\"@id\":\"https:\/\/cottolengo.org.br\/#organization\"},\"image\":{\"@id\":\"https:\/\/cottolengo.org.br\/?p=15614#primaryimage\"},\"thumbnailUrl\":\"\",\"keywords\":[\"anivers\u00e1rio\",\"festa\",\"festividade\",\"Vila S\u00e3o Cottolengo\"],\"articleSection\":[\"Cottolengo\"],\"inLanguage\":\"pt-BR\"},{\"@type\":\"WebPage\",\"@id\":\"https:\/\/cottolengo.org.br\/?p=15614\",\"url\":\"https:\/\/cottolengo.org.br\/?p=15614\",\"name\":\"Aniversariantes de novembro s\u00e3o aben\u00e7oados durante festa de anivers\u00e1rio - Nossa Providencia \u00e9 Voc\u00ea\",\"isPartOf\":{\"@id\":\"https:\/\/cottolengo.org.br\/#website\"},\"primaryImageOfPage\":{\"@id\":\"https:\/\/cottolengo.org.br\/?p=15614#primaryimage\"},\"image\":{\"@id\":\"https:\/\/cottolengo.org.br\/?p=15614#primaryimage\"},\"thumbnailUrl\":\"\",\"datePublished\":\"2022-12-01T23:02:05+00:00\",\"description\":\"O Padre Marco Aur\u00e9lio, diretor-presidente da Vila, realizou uma b\u00ean\u00e7\u00e3o especial aos colaboradores aniversariantes durante a festividade\",\"breadcrumb\":{\"@id\":\"https:\/\/cottolengo.org.br\/?p=15614#breadcrumb\"},\"inLanguage\":\"pt-BR\",\"potentialAction\":[{\"@type\":\"ReadAction\",\"target\":[\"https:\/\/cottolengo.org.br\/?p=15614\"]}]},{\"@type\":\"ImageObject\",\"inLanguage\":\"pt-BR\",\"@id\":\"https:\/\/cottolengo.org.br\/?p=15614#primaryimage\",\"url\":\"\",\"contentUrl\":\"\"},{\"@type\":\"BreadcrumbList\",\"@id\":\"https:\/\/cottolengo.org.br\/?p=15614#breadcrumb\",\"itemListElement\":[{\"@type\":\"ListItem\",\"position\":1,\"name\":\"In\u00edcio\",\"item\":\"https:\/\/cottolengo.org.br\/\"},{\"@type\":\"ListItem\",\"position\":2,\"name\":\"Aniversariantes de novembro s\u00e3o aben\u00e7oados durante festa de anivers\u00e1rio\"}]},{\"@type\":\"WebSite\",\"@id\":\"https:\/\/cottolengo.org.br\/#website\",\"url\":\"https:\/\/cottolengo.org.br\/\",\"name\":\"Vila S\u00e3o Cottolengo\",\"description\":\"\",\"publisher\":{\"@id\":\"https:\/\/cottolengo.org.br\/#organization\"},\"potentialAction\":[{\"@type\":\"SearchAction\",\"target\":{\"@type\":\"EntryPoint\",\"urlTemplate\":\"https:\/\/cottolengo.org.br\/?s={search_term_string}\"},\"query-input\":{\"@type\":\"PropertyValueSpecification\",\"valueRequired\":true,\"valueName\":\"search_term_string\"}}],\"inLanguage\":\"pt-BR\"},{\"@type\":\"Organization\",\"@id\":\"https:\/\/cottolengo.org.br\/#organization\",\"name\":\"Vila S\u00e3o Cottolengo\",\"url\":\"https:\/\/cottolengo.org.br\/\",\"logo\":{\"@type\":\"ImageObject\",\"inLanguage\":\"pt-BR\",\"@id\":\"https:\/\/cottolengo.org.br\/#\/schema\/logo\/image\/\",\"url\":\"https:\/\/cottolengo.org.br\/wp-content\/uploads\/2025\/05\/logo-oficial.png\",\"contentUrl\":\"https:\/\/cottolengo.org.br\/wp-content\/uploads\/2025\/05\/logo-oficial.png\",\"width\":200,\"height\":150,\"caption\":\"Vila S\u00e3o Cottolengo\"},\"image\":{\"@id\":\"https:\/\/cottolengo.org.br\/#\/schema\/logo\/image\/\"},\"sameAs\":[\"https:\/\/youtube.com\/user\/VilaSaoCottolengo\",\"https:\/\/instagram.com\/vilasaocottolengo\"]},{\"@type\":\"Person\",\"@id\":\"https:\/\/cottolengo.org.br\/#\/schema\/person\/964e23bf508df6935336ee8da52c27c9\",\"name\":\"agencia\",\"image\":{\"@type\":\"ImageObject\",\"inLanguage\":\"pt-BR\",\"@id\":\"https:\/\/secure.gravatar.com\/avatar\/4b7e211b49014369f51c8e09acdd2b65afa7ce2ee83764b3c090dc1f607a8ddd?s=96&d=mm&r=g\",\"url\":\"https:\/\/secure.gravatar.com\/avatar\/4b7e211b49014369f51c8e09acdd2b65afa7ce2ee83764b3c090dc1f607a8ddd?s=96&d=mm&r=g\",\"contentUrl\":\"https:\/\/secure.gravatar.com\/avatar\/4b7e211b49014369f51c8e09acdd2b65afa7ce2ee83764b3c090dc1f607a8ddd?s=96&d=mm&r=g\",\"caption\":\"agencia\"},\"sameAs\":[\"https:\/\/cottolengo.org.br\"],\"url\":\"https:\/\/cottolengo.org.br\/?author=1\"}]}<\/script>\n<!-- \/ Yoast SEO plugin. -->","yoast_head_json":{"title":"Aniversariantes de novembro s\u00e3o aben\u00e7oados durante festa de anivers\u00e1rio - Nossa Providencia \u00e9 Voc\u00ea","description":"O Padre Marco Aur\u00e9lio, diretor-presidente da Vila, realizou uma b\u00ean\u00e7\u00e3o especial aos colaboradores aniversariantes durante a festividade","robots":{"index":"index","follow":"follow","max-snippet":"max-snippet:-1","max-image-preview":"max-image-preview:large","max-video-preview":"max-video-preview:-1"},"canonical":"https:\/\/cottolengo.org.br\/?p=15614","og_locale":"pt_BR","og_type":"article","og_title":"Aniversariantes de novembro s\u00e3o aben\u00e7oados durante festa de anivers\u00e1rio - Nossa Providencia \u00e9 Voc\u00ea","og_description":"O Padre Marco Aur\u00e9lio, diretor-presidente da Vila, realizou uma b\u00ean\u00e7\u00e3o especial aos colaboradores aniversariantes durante a festividade","og_url":"https:\/\/cottolengo.org.br\/?p=15614","og_site_name":"Nossa Providencia \u00e9 Voc\u00ea","article_published_time":"2022-12-01T23:02:05+00:00","author":"agencia","twitter_card":"summary_large_image","twitter_misc":{"Escrito por":"agencia","Est. tempo de leitura":"1 minuto"},"schema":{"@context":"https:\/\/schema.org","@graph":[{"@type":"Article","@id":"https:\/\/cottolengo.org.br\/?p=15614#article","isPartOf":{"@id":"https:\/\/cottolengo.org.br\/?p=15614"},"author":{"name":"agencia","@id":"https:\/\/cottolengo.org.br\/#\/schema\/person\/964e23bf508df6935336ee8da52c27c9"},"headline":"Aniversariantes de novembro s\u00e3o aben\u00e7oados durante festa de anivers\u00e1rio","datePublished":"2022-12-01T23:02:05+00:00","mainEntityOfPage":{"@id":"https:\/\/cottolengo.org.br\/?p=15614"},"wordCount":198,"publisher":{"@id":"https:\/\/cottolengo.org.br\/#organization"},"image":{"@id":"https:\/\/cottolengo.org.br\/?p=15614#primaryimage"},"thumbnailUrl":"","keywords":["anivers\u00e1rio","festa","festividade","Vila S\u00e3o Cottolengo"],"articleSection":["Cottolengo"],"inLanguage":"pt-BR"},{"@type":"WebPage","@id":"https:\/\/cottolengo.org.br\/?p=15614","url":"https:\/\/cottolengo.org.br\/?p=15614","name":"Aniversariantes de novembro s\u00e3o aben\u00e7oados durante festa de anivers\u00e1rio - Nossa Providencia \u00e9 Voc\u00ea","isPartOf":{"@id":"https:\/\/cottolengo.org.br\/#website"},"primaryImageOfPage":{"@id":"https:\/\/cottolengo.org.br\/?p=15614#primaryimage"},"image":{"@id":"https:\/\/cottolengo.org.br\/?p=15614#primaryimage"},"thumbnailUrl":"","datePublished":"2022-12-01T23:02:05+00:00","description":"O Padre Marco Aur\u00e9lio, diretor-presidente da Vila, realizou uma b\u00ean\u00e7\u00e3o especial aos colaboradores aniversariantes durante a festividade","breadcrumb":{"@id":"https:\/\/cottolengo.org.br\/?p=15614#breadcrumb"},"inLanguage":"pt-BR","potentialAction":[{"@type":"ReadAction","target":["https:\/\/cottolengo.org.br\/?p=15614"]}]},{"@type":"ImageObject","inLanguage":"pt-BR","@id":"https:\/\/cottolengo.org.br\/?p=15614#primaryimage","url":"","contentUrl":""},{"@type":"BreadcrumbList","@id":"https:\/\/cottolengo.org.br\/?p=15614#breadcrumb","itemListElement":[{"@type":"ListItem","position":1,"name":"In\u00edcio","item":"https:\/\/cottolengo.org.br\/"},{"@type":"ListItem","position":2,"name":"Aniversariantes de novembro s\u00e3o aben\u00e7oados durante festa de anivers\u00e1rio"}]},{"@type":"WebSite","@id":"https:\/\/cottolengo.org.br\/#website","url":"https:\/\/cottolengo.org.br\/","name":"Vila S\u00e3o Cottolengo","description":"","publisher":{"@id":"https:\/\/cottolengo.org.br\/#organization"},"potentialAction":[{"@type":"SearchAction","target":{"@type":"EntryPoint","urlTemplate":"https:\/\/cottolengo.org.br\/?s={search_term_string}"},"query-input":{"@type":"PropertyValueSpecification","valueRequired":true,"valueName":"search_term_string"}}],"inLanguage":"pt-BR"},{"@type":"Organization","@id":"https:\/\/cottolengo.org.br\/#organization","name":"Vila S\u00e3o Cottolengo","url":"https:\/\/cottolengo.org.br\/","logo":{"@type":"ImageObject","inLanguage":"pt-BR","@id":"https:\/\/cottolengo.org.br\/#\/schema\/logo\/image\/","url":"https:\/\/cottolengo.org.br\/wp-content\/uploads\/2025\/05\/logo-oficial.png","contentUrl":"https:\/\/cottolengo.org.br\/wp-content\/uploads\/2025\/05\/logo-oficial.png","width":200,"height":150,"caption":"Vila S\u00e3o Cottolengo"},"image":{"@id":"https:\/\/cottolengo.org.br\/#\/schema\/logo\/image\/"},"sameAs":["https:\/\/youtube.com\/user\/VilaSaoCottolengo","https:\/\/instagram.com\/vilasaocottolengo"]},{"@type":"Person","@id":"https:\/\/cottolengo.org.br\/#\/schema\/person\/964e23bf508df6935336ee8da52c27c9","name":"agencia","image":{"@type":"ImageObject","inLanguage":"pt-BR","@id":"https:\/\/secure.gravatar.com\/avatar\/4b7e211b49014369f51c8e09acdd2b65afa7ce2ee83764b3c090dc1f607a8ddd?s=96&d=mm&r=g","url":"https:\/\/secure.gravatar.com\/avatar\/4b7e211b49014369f51c8e09acdd2b65afa7ce2ee83764b3c090dc1f607a8ddd?s=96&d=mm&r=g","contentUrl":"https:\/\/secure.gravatar.com\/avatar\/4b7e211b49014369f51c8e09acdd2b65afa7ce2ee83764b3c090dc1f607a8ddd?s=96&d=mm&r=g","caption":"agencia"},"sameAs":["https:\/\/cottolengo.org.br"],"url":"https:\/\/cottolengo.org.br\/?author=1"}]}},"_links":{"self":[{"href":"https:\/\/cottolengo.org.br\/index.php?rest_route=\/wp\/v2\/posts\/15614","targetHints":{"allow":["GET"]}}],"collection":[{"href":"https:\/\/cottolengo.org.br\/index.php?rest_route=\/wp\/v2\/posts"}],"about":[{"href":"https:\/\/cottolengo.org.br\/index.php?rest_route=\/wp\/v2\/types\/post"}],"author":[{"embeddable":true,"href":"https:\/\/cottolengo.org.br\/index.php?rest_route=\/wp\/v2\/users\/1"}],"replies":[{"embeddable":true,"href":"https:\/\/cottolengo.org.br\/index.php?rest_route=%2Fwp%2Fv2%2Fcomments&post=15614"}],"version-history":[{"count":0,"href":"https:\/\/cottolengo.org.br\/index.php?rest_route=\/wp\/v2\/posts\/15614\/revisions"}],"wp:featuredmedia":[{"embeddable":true,"href":"https:\/\/cottolengo.org.br\/index.php?rest_route=\/"}],"wp:attachment":[{"href":"https:\/\/cottolengo.org.br\/index.php?rest_route=%2Fwp%2Fv2%2Fmedia&parent=15614"}],"wp:term":[{"taxonomy":"category","embeddable":true,"href":"https:\/\/cottolengo.org.br\/index.php?rest_route=%2Fwp%2Fv2%2Fcategories&post=15614"},{"taxonomy":"post_tag","embeddable":true,"href":"https:\/\/cottolengo.org.br\/index.php?rest_route=%2Fwp%2Fv2%2Ftags&post=15614"}],"curies":[{"name":"wp","href":"https:\/\/api.w.org\/{rel}","templated":true}]}}