{"id":15626,"date":"2022-12-05T13:45:12","date_gmt":"2022-12-05T16:45:12","guid":{"rendered":"https:\/\/cottolengo.org.br\/?p=15626"},"modified":"2022-12-05T13:45:12","modified_gmt":"2022-12-05T16:45:12","slug":"encerramento-do-pdl-reune-lideres-da-vila-e-representantes-dos-voluntarios-da-saude","status":"publish","type":"post","link":"https:\/\/cottolengo.org.br\/?p=15626","title":{"rendered":"Encerramento do PDL re\u00fane l\u00edderes da Vila e representantes dos Volunt\u00e1rios da Sa\u00fade"},"content":{"rendered":"<p class=\"western\" align=\"justify\"><span style=\"color: #262626;\"><span style=\"font-family: Arial, sans-serif;\"><span style=\"font-size: medium;\"><span style=\"color: #333333;\">O m\u00eas de novembro foi marcado por eventos e acontecimentos importantes. Mas, entre eles, \u00e9 preciso destacar a finaliza\u00e7\u00e3o do Programa de Desenvolvimento de L\u00edderes (PDL), que aconteceu no dia 23. Em parceria com a Associa\u00e7\u00e3o Volunt\u00e1rios da Sa\u00fade, os l\u00edderes da Vila S\u00e3o Cottolengo participaram, por nove meses, de uma imers\u00e3o em conhecimento e desenvolvimento de suas respectivas fun\u00e7\u00f5es e habilidades, tanto pessoais quanto profissionais. <\/span><\/span><\/span><\/span><\/p>\n<p class=\"western\" align=\"justify\"><span style=\"color: #333333;\"><span style=\"font-family: Arial, sans-serif;\"><span style=\"font-size: medium;\"><span lang=\"pt-BR\">Em<\/span><\/span><\/span><span style=\"font-family: Arial, sans-serif;\"><span style=\"font-size: medium;\"><span lang=\"pt-BR\"> novembro, o PDL foi finalizado com a apresenta\u00e7\u00e3o de diversos casos pr\u00e1ticos vivenciados pelos participantes do projeto ao longo dessa trajet\u00f3ria. E, para <\/span><\/span><\/span><span style=\"font-family: Arial, sans-serif;\"><span style=\"font-size: medium;\"><span lang=\"pt-BR\">abrilhantar o<\/span><\/span><\/span><span style=\"font-family: Arial, sans-serif;\"><span style=\"font-size: medium;\"><span lang=\"pt-BR\"> momento, <\/span><\/span><\/span><span style=\"font-family: Arial, sans-serif;\"><span style=\"font-size: medium;\"><span lang=\"pt-BR\">recebemos a presen\u00e7a ilustre de dois participantes dos Volunt\u00e1rios da Sa\u00fade<\/span><\/span><\/span><span style=\"font-family: Arial, sans-serif;\"><span style=\"font-size: medium;\"><span lang=\"pt-BR\"> que nos auxiliaram<\/span><\/span><\/span><\/span><span style=\"color: #333333;\"><span style=\"font-family: Arial, sans-serif;\"><span style=\"font-size: medium;\"><span lang=\"pt-BR\"> ao longo de toda essa jornada de conhecimento e fizeram a diferen\u00e7a na vida de cada um daqueles que fazem parte da Vila S\u00e3o Cottolengo: Vanderlei Magni e Katia Magni. <\/span><\/span><\/span><\/span><\/p>\n<p class=\"western\" align=\"justify\"><span style=\"color: #333333;\"><span style=\"font-family: Arial, sans-serif;\"><span style=\"font-size: medium;\"><span lang=\"pt-BR\">D<\/span><\/span><\/span><span style=\"font-family: Arial, sans-serif;\"><span style=\"font-size: medium;\"><span lang=\"pt-BR\">urante o evento de finaliza\u00e7\u00e3o do PDL, Katia conduziu diversas atividades <\/span><\/span><\/span><span style=\"font-family: Arial, sans-serif;\"><span style=\"font-size: medium;\"><span lang=\"pt-BR\">como forma de relembrar tudo o que foi discutido e compartilhado ao longo de tantos meses. <\/span><\/span><\/span><span style=\"font-family: Arial, sans-serif;\"><span style=\"font-size: medium;\"><span lang=\"pt-BR\">Al\u00e9m disso, a mentora fez quest\u00e3o de valorizar cada um dos l\u00edderes e salientar como as atitudes de cada um podem contribuir para um ambiente de trabalho saud\u00e1vel e amig\u00e1vel.<\/span><\/span><\/span><\/span><\/p>\n<p class=\"western\" align=\"justify\"><span style=\"color: #333333;\"><span style=\"font-family: Arial, sans-serif;\"><span style=\"font-size: medium;\"><span lang=\"pt-BR\">Ao fim do evento, Katia e Vanderlei tiveram a oportunidade de conhecer pessoalmente a Vila S\u00e3o Cottolengo. Os participantes da Associa\u00e7\u00e3o Volunt\u00e1rios da Sa\u00fade foram recebidos na institui\u00e7\u00e3o pela Banda Inclusiva Luar, que emocionou<\/span><\/span><\/span> <span style=\"font-family: Arial, sans-serif;\"><span style=\"font-size: medium;\"><span lang=\"pt-BR\">a todos os que estavam presentes. Para entender ainda mais sobre o funcionamento da entidade, eles percorreram as Unidades de Interna\u00e7\u00e3o e acompanharam de perto o trabalho realizado por toda a Fam\u00edlia Cottolengo.<\/span><\/span><\/span><\/span><\/p>\n<p class=\"western\" align=\"justify\"><span style=\"color: #333333;\"><span style=\"font-family: Arial, sans-serif;\"><span style=\"font-size: medium;\"><span lang=\"pt-BR\">A <\/span><\/span><\/span><span style=\"font-family: Arial, sans-serif;\"><span style=\"font-size: medium;\"><span lang=\"pt-BR\">atua\u00e7\u00e3o dos Volunt\u00e1rios da Sa\u00fade na Vila foi um marco no ano de 2022. <\/span><\/span><\/span><span style=\"font-family: Arial, sans-serif;\"><span style=\"font-size: medium;\"><span lang=\"pt-BR\">A finaliza\u00e7\u00e3o do PDL n\u00e3o configura o fim dessa parceria, mas sim o in\u00edcio de uma trajet\u00f3ria de evolu\u00e7\u00e3o daqueles que comp\u00f5em a Vila S\u00e3o Cottolengo. <\/span><\/span><\/span><span style=\"font-family: Arial, sans-serif;\"><span style=\"font-size: medium;\"><span lang=\"pt-BR\">Esperamos que muitos outros projetos e encontros aconte\u00e7am para que a semente plantada nesse momento continue dando in\u00fameros frutos! <\/span><\/span><\/span><\/span><\/p>\n<p style=\"text-align: center;\" align=\"justify\"><strong>Veja as fotos da finaliza\u00e7\u00e3o do PDL<\/strong><\/p>\n\n<p align=\"justify\"><em>Taissa Gracik<\/em><\/p>\n","protected":false},"excerpt":{"rendered":"<p>Um evento especial foi realizado para a finaliza\u00e7\u00e3o do Programa de Desenvolvimento de L\u00edderes (PDL), que contou com a presen\u00e7a da mentora Katia Magni<\/p>\n","protected":false},"author":1,"featured_media":15694,"comment_status":"closed","ping_status":"closed","sticky":false,"template":"","format":"standard","meta":{"_acf_changed":false,"footnotes":""},"categories":[11],"tags":[132,133,13],"class_list":["post-15626","post","type-post","status-publish","format-standard","has-post-thumbnail","hentry","category-cottolengo","tag-lideres","tag-pdl","tag-vila-sao-cottolengo"],"acf":[],"yoast_head":"<!-- This site is optimized with the Yoast SEO plugin v27.2 - https:\/\/yoast.com\/product\/yoast-seo-wordpress\/ -->\n<title>Encerramento do PDL re\u00fane l\u00edderes da Vila e representantes dos Volunt\u00e1rios da Sa\u00fade - Nossa Providencia \u00e9 Voc\u00ea<\/title>\n<meta name=\"description\" content=\"Um evento especial foi realizado para a finaliza\u00e7\u00e3o do Programa de Desenvolvimento de L\u00edderes (PDL), que contou com a presen\u00e7a da mentora Katia Magni\" \/>\n<meta name=\"robots\" content=\"index, follow, max-snippet:-1, max-image-preview:large, max-video-preview:-1\" \/>\n<link rel=\"canonical\" href=\"https:\/\/cottolengo.org.br\/?p=15626\" \/>\n<meta property=\"og:locale\" content=\"pt_BR\" \/>\n<meta property=\"og:type\" content=\"article\" \/>\n<meta property=\"og:title\" content=\"Encerramento do PDL re\u00fane l\u00edderes da Vila e representantes dos Volunt\u00e1rios da Sa\u00fade - Nossa Providencia \u00e9 Voc\u00ea\" \/>\n<meta property=\"og:description\" content=\"Um evento especial foi realizado para a finaliza\u00e7\u00e3o do Programa de Desenvolvimento de L\u00edderes (PDL), que contou com a presen\u00e7a da mentora Katia Magni\" \/>\n<meta property=\"og:url\" content=\"https:\/\/cottolengo.org.br\/?p=15626\" \/>\n<meta property=\"og:site_name\" content=\"Nossa Providencia \u00e9 Voc\u00ea\" \/>\n<meta property=\"article:published_time\" content=\"2022-12-05T16:45:12+00:00\" \/>\n<meta name=\"author\" content=\"agencia\" \/>\n<meta name=\"twitter:card\" content=\"summary_large_image\" \/>\n<meta name=\"twitter:label1\" content=\"Escrito por\" \/>\n\t<meta name=\"twitter:data1\" content=\"agencia\" \/>\n\t<meta name=\"twitter:label2\" content=\"Est. tempo de leitura\" \/>\n\t<meta name=\"twitter:data2\" content=\"2 minutos\" \/>\n<script type=\"application\/ld+json\" class=\"yoast-schema-graph\">{\"@context\":\"https:\/\/schema.org\",\"@graph\":[{\"@type\":\"Article\",\"@id\":\"https:\/\/cottolengo.org.br\/?p=15626#article\",\"isPartOf\":{\"@id\":\"https:\/\/cottolengo.org.br\/?p=15626\"},\"author\":{\"name\":\"agencia\",\"@id\":\"https:\/\/cottolengo.org.br\/#\/schema\/person\/964e23bf508df6935336ee8da52c27c9\"},\"headline\":\"Encerramento do PDL re\u00fane l\u00edderes da Vila e representantes dos Volunt\u00e1rios da Sa\u00fade\",\"datePublished\":\"2022-12-05T16:45:12+00:00\",\"mainEntityOfPage\":{\"@id\":\"https:\/\/cottolengo.org.br\/?p=15626\"},\"wordCount\":395,\"publisher\":{\"@id\":\"https:\/\/cottolengo.org.br\/#organization\"},\"image\":{\"@id\":\"https:\/\/cottolengo.org.br\/?p=15626#primaryimage\"},\"thumbnailUrl\":\"\",\"keywords\":[\"l\u00edderes\",\"PDL\",\"Vila S\u00e3o Cottolengo\"],\"articleSection\":[\"Cottolengo\"],\"inLanguage\":\"pt-BR\"},{\"@type\":\"WebPage\",\"@id\":\"https:\/\/cottolengo.org.br\/?p=15626\",\"url\":\"https:\/\/cottolengo.org.br\/?p=15626\",\"name\":\"Encerramento do PDL re\u00fane l\u00edderes da Vila e representantes dos Volunt\u00e1rios da Sa\u00fade - Nossa Providencia \u00e9 Voc\u00ea\",\"isPartOf\":{\"@id\":\"https:\/\/cottolengo.org.br\/#website\"},\"primaryImageOfPage\":{\"@id\":\"https:\/\/cottolengo.org.br\/?p=15626#primaryimage\"},\"image\":{\"@id\":\"https:\/\/cottolengo.org.br\/?p=15626#primaryimage\"},\"thumbnailUrl\":\"\",\"datePublished\":\"2022-12-05T16:45:12+00:00\",\"description\":\"Um evento especial foi realizado para a finaliza\u00e7\u00e3o do Programa de Desenvolvimento de L\u00edderes (PDL), que contou com a presen\u00e7a da mentora Katia Magni\",\"breadcrumb\":{\"@id\":\"https:\/\/cottolengo.org.br\/?p=15626#breadcrumb\"},\"inLanguage\":\"pt-BR\",\"potentialAction\":[{\"@type\":\"ReadAction\",\"target\":[\"https:\/\/cottolengo.org.br\/?p=15626\"]}]},{\"@type\":\"ImageObject\",\"inLanguage\":\"pt-BR\",\"@id\":\"https:\/\/cottolengo.org.br\/?p=15626#primaryimage\",\"url\":\"\",\"contentUrl\":\"\"},{\"@type\":\"BreadcrumbList\",\"@id\":\"https:\/\/cottolengo.org.br\/?p=15626#breadcrumb\",\"itemListElement\":[{\"@type\":\"ListItem\",\"position\":1,\"name\":\"In\u00edcio\",\"item\":\"https:\/\/cottolengo.org.br\/\"},{\"@type\":\"ListItem\",\"position\":2,\"name\":\"Encerramento do PDL re\u00fane l\u00edderes da Vila e representantes dos Volunt\u00e1rios da Sa\u00fade\"}]},{\"@type\":\"WebSite\",\"@id\":\"https:\/\/cottolengo.org.br\/#website\",\"url\":\"https:\/\/cottolengo.org.br\/\",\"name\":\"Vila S\u00e3o Cottolengo\",\"description\":\"\",\"publisher\":{\"@id\":\"https:\/\/cottolengo.org.br\/#organization\"},\"potentialAction\":[{\"@type\":\"SearchAction\",\"target\":{\"@type\":\"EntryPoint\",\"urlTemplate\":\"https:\/\/cottolengo.org.br\/?s={search_term_string}\"},\"query-input\":{\"@type\":\"PropertyValueSpecification\",\"valueRequired\":true,\"valueName\":\"search_term_string\"}}],\"inLanguage\":\"pt-BR\"},{\"@type\":\"Organization\",\"@id\":\"https:\/\/cottolengo.org.br\/#organization\",\"name\":\"Vila S\u00e3o Cottolengo\",\"url\":\"https:\/\/cottolengo.org.br\/\",\"logo\":{\"@type\":\"ImageObject\",\"inLanguage\":\"pt-BR\",\"@id\":\"https:\/\/cottolengo.org.br\/#\/schema\/logo\/image\/\",\"url\":\"https:\/\/cottolengo.org.br\/wp-content\/uploads\/2025\/05\/logo-oficial.png\",\"contentUrl\":\"https:\/\/cottolengo.org.br\/wp-content\/uploads\/2025\/05\/logo-oficial.png\",\"width\":200,\"height\":150,\"caption\":\"Vila S\u00e3o Cottolengo\"},\"image\":{\"@id\":\"https:\/\/cottolengo.org.br\/#\/schema\/logo\/image\/\"},\"sameAs\":[\"https:\/\/youtube.com\/user\/VilaSaoCottolengo\",\"https:\/\/instagram.com\/vilasaocottolengo\"]},{\"@type\":\"Person\",\"@id\":\"https:\/\/cottolengo.org.br\/#\/schema\/person\/964e23bf508df6935336ee8da52c27c9\",\"name\":\"agencia\",\"image\":{\"@type\":\"ImageObject\",\"inLanguage\":\"pt-BR\",\"@id\":\"https:\/\/secure.gravatar.com\/avatar\/4b7e211b49014369f51c8e09acdd2b65afa7ce2ee83764b3c090dc1f607a8ddd?s=96&d=mm&r=g\",\"url\":\"https:\/\/secure.gravatar.com\/avatar\/4b7e211b49014369f51c8e09acdd2b65afa7ce2ee83764b3c090dc1f607a8ddd?s=96&d=mm&r=g\",\"contentUrl\":\"https:\/\/secure.gravatar.com\/avatar\/4b7e211b49014369f51c8e09acdd2b65afa7ce2ee83764b3c090dc1f607a8ddd?s=96&d=mm&r=g\",\"caption\":\"agencia\"},\"sameAs\":[\"https:\/\/cottolengo.org.br\"],\"url\":\"https:\/\/cottolengo.org.br\/?author=1\"}]}<\/script>\n<!-- \/ Yoast SEO plugin. -->","yoast_head_json":{"title":"Encerramento do PDL re\u00fane l\u00edderes da Vila e representantes dos Volunt\u00e1rios da Sa\u00fade - Nossa Providencia \u00e9 Voc\u00ea","description":"Um evento especial foi realizado para a finaliza\u00e7\u00e3o do Programa de Desenvolvimento de L\u00edderes (PDL), que contou com a presen\u00e7a da mentora Katia Magni","robots":{"index":"index","follow":"follow","max-snippet":"max-snippet:-1","max-image-preview":"max-image-preview:large","max-video-preview":"max-video-preview:-1"},"canonical":"https:\/\/cottolengo.org.br\/?p=15626","og_locale":"pt_BR","og_type":"article","og_title":"Encerramento do PDL re\u00fane l\u00edderes da Vila e representantes dos Volunt\u00e1rios da Sa\u00fade - Nossa Providencia \u00e9 Voc\u00ea","og_description":"Um evento especial foi realizado para a finaliza\u00e7\u00e3o do Programa de Desenvolvimento de L\u00edderes (PDL), que contou com a presen\u00e7a da mentora Katia Magni","og_url":"https:\/\/cottolengo.org.br\/?p=15626","og_site_name":"Nossa Providencia \u00e9 Voc\u00ea","article_published_time":"2022-12-05T16:45:12+00:00","author":"agencia","twitter_card":"summary_large_image","twitter_misc":{"Escrito por":"agencia","Est. tempo de leitura":"2 minutos"},"schema":{"@context":"https:\/\/schema.org","@graph":[{"@type":"Article","@id":"https:\/\/cottolengo.org.br\/?p=15626#article","isPartOf":{"@id":"https:\/\/cottolengo.org.br\/?p=15626"},"author":{"name":"agencia","@id":"https:\/\/cottolengo.org.br\/#\/schema\/person\/964e23bf508df6935336ee8da52c27c9"},"headline":"Encerramento do PDL re\u00fane l\u00edderes da Vila e representantes dos Volunt\u00e1rios da Sa\u00fade","datePublished":"2022-12-05T16:45:12+00:00","mainEntityOfPage":{"@id":"https:\/\/cottolengo.org.br\/?p=15626"},"wordCount":395,"publisher":{"@id":"https:\/\/cottolengo.org.br\/#organization"},"image":{"@id":"https:\/\/cottolengo.org.br\/?p=15626#primaryimage"},"thumbnailUrl":"","keywords":["l\u00edderes","PDL","Vila S\u00e3o Cottolengo"],"articleSection":["Cottolengo"],"inLanguage":"pt-BR"},{"@type":"WebPage","@id":"https:\/\/cottolengo.org.br\/?p=15626","url":"https:\/\/cottolengo.org.br\/?p=15626","name":"Encerramento do PDL re\u00fane l\u00edderes da Vila e representantes dos Volunt\u00e1rios da Sa\u00fade - Nossa Providencia \u00e9 Voc\u00ea","isPartOf":{"@id":"https:\/\/cottolengo.org.br\/#website"},"primaryImageOfPage":{"@id":"https:\/\/cottolengo.org.br\/?p=15626#primaryimage"},"image":{"@id":"https:\/\/cottolengo.org.br\/?p=15626#primaryimage"},"thumbnailUrl":"","datePublished":"2022-12-05T16:45:12+00:00","description":"Um evento especial foi realizado para a finaliza\u00e7\u00e3o do Programa de Desenvolvimento de L\u00edderes (PDL), que contou com a presen\u00e7a da mentora Katia Magni","breadcrumb":{"@id":"https:\/\/cottolengo.org.br\/?p=15626#breadcrumb"},"inLanguage":"pt-BR","potentialAction":[{"@type":"ReadAction","target":["https:\/\/cottolengo.org.br\/?p=15626"]}]},{"@type":"ImageObject","inLanguage":"pt-BR","@id":"https:\/\/cottolengo.org.br\/?p=15626#primaryimage","url":"","contentUrl":""},{"@type":"BreadcrumbList","@id":"https:\/\/cottolengo.org.br\/?p=15626#breadcrumb","itemListElement":[{"@type":"ListItem","position":1,"name":"In\u00edcio","item":"https:\/\/cottolengo.org.br\/"},{"@type":"ListItem","position":2,"name":"Encerramento do PDL re\u00fane l\u00edderes da Vila e representantes dos Volunt\u00e1rios da Sa\u00fade"}]},{"@type":"WebSite","@id":"https:\/\/cottolengo.org.br\/#website","url":"https:\/\/cottolengo.org.br\/","name":"Vila S\u00e3o Cottolengo","description":"","publisher":{"@id":"https:\/\/cottolengo.org.br\/#organization"},"potentialAction":[{"@type":"SearchAction","target":{"@type":"EntryPoint","urlTemplate":"https:\/\/cottolengo.org.br\/?s={search_term_string}"},"query-input":{"@type":"PropertyValueSpecification","valueRequired":true,"valueName":"search_term_string"}}],"inLanguage":"pt-BR"},{"@type":"Organization","@id":"https:\/\/cottolengo.org.br\/#organization","name":"Vila S\u00e3o Cottolengo","url":"https:\/\/cottolengo.org.br\/","logo":{"@type":"ImageObject","inLanguage":"pt-BR","@id":"https:\/\/cottolengo.org.br\/#\/schema\/logo\/image\/","url":"https:\/\/cottolengo.org.br\/wp-content\/uploads\/2025\/05\/logo-oficial.png","contentUrl":"https:\/\/cottolengo.org.br\/wp-content\/uploads\/2025\/05\/logo-oficial.png","width":200,"height":150,"caption":"Vila S\u00e3o Cottolengo"},"image":{"@id":"https:\/\/cottolengo.org.br\/#\/schema\/logo\/image\/"},"sameAs":["https:\/\/youtube.com\/user\/VilaSaoCottolengo","https:\/\/instagram.com\/vilasaocottolengo"]},{"@type":"Person","@id":"https:\/\/cottolengo.org.br\/#\/schema\/person\/964e23bf508df6935336ee8da52c27c9","name":"agencia","image":{"@type":"ImageObject","inLanguage":"pt-BR","@id":"https:\/\/secure.gravatar.com\/avatar\/4b7e211b49014369f51c8e09acdd2b65afa7ce2ee83764b3c090dc1f607a8ddd?s=96&d=mm&r=g","url":"https:\/\/secure.gravatar.com\/avatar\/4b7e211b49014369f51c8e09acdd2b65afa7ce2ee83764b3c090dc1f607a8ddd?s=96&d=mm&r=g","contentUrl":"https:\/\/secure.gravatar.com\/avatar\/4b7e211b49014369f51c8e09acdd2b65afa7ce2ee83764b3c090dc1f607a8ddd?s=96&d=mm&r=g","caption":"agencia"},"sameAs":["https:\/\/cottolengo.org.br"],"url":"https:\/\/cottolengo.org.br\/?author=1"}]}},"_links":{"self":[{"href":"https:\/\/cottolengo.org.br\/index.php?rest_route=\/wp\/v2\/posts\/15626","targetHints":{"allow":["GET"]}}],"collection":[{"href":"https:\/\/cottolengo.org.br\/index.php?rest_route=\/wp\/v2\/posts"}],"about":[{"href":"https:\/\/cottolengo.org.br\/index.php?rest_route=\/wp\/v2\/types\/post"}],"author":[{"embeddable":true,"href":"https:\/\/cottolengo.org.br\/index.php?rest_route=\/wp\/v2\/users\/1"}],"replies":[{"embeddable":true,"href":"https:\/\/cottolengo.org.br\/index.php?rest_route=%2Fwp%2Fv2%2Fcomments&post=15626"}],"version-history":[{"count":0,"href":"https:\/\/cottolengo.org.br\/index.php?rest_route=\/wp\/v2\/posts\/15626\/revisions"}],"wp:featuredmedia":[{"embeddable":true,"href":"https:\/\/cottolengo.org.br\/index.php?rest_route=\/"}],"wp:attachment":[{"href":"https:\/\/cottolengo.org.br\/index.php?rest_route=%2Fwp%2Fv2%2Fmedia&parent=15626"}],"wp:term":[{"taxonomy":"category","embeddable":true,"href":"https:\/\/cottolengo.org.br\/index.php?rest_route=%2Fwp%2Fv2%2Fcategories&post=15626"},{"taxonomy":"post_tag","embeddable":true,"href":"https:\/\/cottolengo.org.br\/index.php?rest_route=%2Fwp%2Fv2%2Ftags&post=15626"}],"curies":[{"name":"wp","href":"https:\/\/api.w.org\/{rel}","templated":true}]}}