{"id":15699,"date":"2022-12-05T14:17:02","date_gmt":"2022-12-05T17:17:02","guid":{"rendered":"https:\/\/cottolengo.org.br\/?p=15699"},"modified":"2022-12-05T14:17:02","modified_gmt":"2022-12-05T17:17:02","slug":"vila-e-uma-das-cinco-instituicoes-do-brasil-a-receber-o-premio-brasil-mais-inclusao","status":"publish","type":"post","link":"https:\/\/cottolengo.org.br\/?p=15699","title":{"rendered":"Vila \u00e9 uma das cinco institui\u00e7\u00f5es do Brasil a receber o Pr\u00eamio Brasil Mais Inclus\u00e3o"},"content":{"rendered":"<p class=\"western\" align=\"justify\"><span style=\"color: #333333;\"><span style=\"font-family: Arial, sans-serif;\"><span style=\"font-size: medium;\"><span lang=\"pt-BR\">Na <\/span><\/span><\/span><\/span><span style=\"color: #000000;\"><span style=\"font-family: Arial, sans-serif;\"><span style=\"font-size: medium;\"><span lang=\"pt-BR\"><span style=\"color: #333333;\">\u00faltima <\/span><\/span><\/span><\/span><\/span><span style=\"color: #333333;\"><span style=\"font-family: Arial, sans-serif;\"><span style=\"font-size: medium;\"><span lang=\"pt-BR\">quarta-feira, 30, a Vila S\u00e3o Cottolengo foi homenageada com o Pr\u00eamio Brasil Mais Inclus\u00e3o. <\/span><\/span><\/span><span style=\"font-family: Arial, sans-serif;\"><span style=\"font-size: medium;\"><span lang=\"pt-BR\">A solenidade, realizada no Sal\u00e3o Nobre da C\u00e2mara dos Deputados, em Bras\u00edlia, homenageou cinco institui\u00e7\u00f5es de todo o Brasil que atuam em prol da pessoa com defici\u00eancia, al\u00e9m de cinco personalidades e entes federados que trabalham com <\/span><\/span><\/span><span style=\"font-family: Arial, sans-serif;\"><span style=\"font-size: medium;\"><span lang=\"pt-BR\">o<\/span><\/span><\/span><span style=\"font-family: Arial, sans-serif;\"><span style=\"font-size: medium;\"><span lang=\"pt-BR\"> mesmo objetivo. <\/span><\/span><\/span><\/span><\/p>\n<p class=\"western\" align=\"justify\"><span style=\"font-family: Arial, sans-serif; color: #333333;\"><span style=\"font-size: medium;\"><span lang=\"pt-BR\">Os dez agraciados foram contemplados com diplomas de men\u00e7\u00e3o honrosa. O Padre Marco Aur\u00e9lio, diretor-presidente da Vila, representou a institui\u00e7\u00e3o no evento e recebeu o certificado de reconhecimento pelas m\u00e3os da deputada Fl\u00e1via Morais, que \u00e9 uma parceira da Vila S\u00e3o Cottolengo e indicou a entidade para concorrer ao pr\u00eamio.<\/span><\/span><\/span><\/p>\n<p class=\"western\" align=\"justify\"><span style=\"font-family: Arial, sans-serif; color: #333333;\"><span style=\"font-size: medium;\"><span lang=\"pt-BR\">Durante o evento, ao entregar o diploma ao Padre Marco Aur\u00e9lio, a deputada discorreu sobre a atua\u00e7\u00e3o da Vila no cen\u00e1rio goiano. \u201cA Vila \u00e9 destaque no atendimento externo, <\/span><span lang=\"pt-BR\">nos atendimentos na \u00e1rea da sa\u00fade e, principalmente, na interna\u00e7\u00e3o de v\u00e1rias pessoas com defici\u00eancia, que foram abandonados pela fam\u00edlia e hoje t<\/span><span lang=\"pt-BR\">\u00ea<\/span><span lang=\"pt-BR\">m a Vila como lar. Algumas vivem na institui\u00e7\u00e3o h\u00e1 trinta anos e n\u00e3o conseguem se imaginar em outro lugar que n\u00e3o seja a Vila S\u00e3o Jos\u00e9 Bento Cottolengo\u201d, comentou Fl\u00e1via Morais. <\/span><\/span><\/span><\/p>\n<p class=\"western\" align=\"justify\"><span style=\"font-family: Arial, sans-serif; color: #333333;\"><span style=\"font-size: medium;\"><span lang=\"pt-BR\">A<\/span><span lang=\"pt-BR\">l\u00e9m do Padre Marco Aur\u00e9lio, a Irm\u00e3 Luzia Barbosa, diretora segunda secret\u00e1ria da <\/span><span lang=\"pt-BR\">institui\u00e7\u00e3o<\/span><span lang=\"pt-BR\">, <\/span><span lang=\"pt-BR\">esteve presente no evento para prestigiar os homenageados. O reconhecimento ao trabalho da Vila \u00e9 prova de que o ato de \u201ccuidar com amor\u201d impacta vidas, <\/span><span lang=\"pt-BR\">como tem impactado ao longo de 71 anos de hist\u00f3ria.<\/span><\/span><\/span><\/p>\n<h2 align=\"justify\">A premia\u00e7\u00e3o<\/h2>\n<p class=\"western\" align=\"justify\"><span style=\"font-family: Arial, sans-serif; color: #333333;\"><span style=\"font-size: medium;\"><span lang=\"pt-BR\">O <\/span><span lang=\"pt-BR\">Pr\u00eamio Brasil Mais Inclus\u00e3o <\/span><span lang=\"pt-BR\">\u00e9 concedido anualmente a empresas p\u00fablicas ou privadas, entes federados (Uni\u00e3o, estados e munic\u00edpios) e personalidades que tenham realizado trabalhos ou a\u00e7\u00f5es que mere\u00e7am especial destaque na inclus\u00e3o de pessoas com defici\u00eancia. As indica\u00e7\u00f5es para o pr\u00eamio s\u00e3o feitas por deputados e senadores. <\/span><\/span><\/span><\/p>\n<p class=\"western\" align=\"justify\"><span style=\"font-family: Arial, sans-serif; color: #333333;\"><span style=\"font-size: medium;\"><span lang=\"pt-BR\">Ap\u00f3s vota\u00e7\u00e3o &#8211; realizada por um Comit\u00ea Deliberativo composto por <\/span>Membros da Mesa Diretora (Segunda e Terceira-Secret\u00e1rias), integrantes titulares da Comiss\u00e3o de Defesa dos Direitos das Pessoas com Defici\u00eancia e um representante de cada partido pol\u00edtico com assento na C\u00e2mara dos Deputados &#8211; a Vila S\u00e3o Cottolengo foi escolhida <span lang=\"pt-BR\">para receber o <\/span><span lang=\"pt-BR\">diploma de men\u00e7\u00e3o honrosa, <\/span><span lang=\"pt-BR\">al\u00e9m da Apae de Porto Nacional (TO), da Associa\u00e7\u00e3o Nacional de Equoterapia (DF), da Confedera\u00e7\u00e3o Brasileira de Desportos de Surdos (MG) e do Novo Ser \u2013 Acessibilidade Plena e Inclus\u00e3o Social (RJ). <\/span><\/span><\/span><\/p>\n<p align=\"justify\"><img fetchpriority=\"high\" decoding=\"async\" class=\"aligncenter wp-image-15701\" src=\"https:\/\/cottolengo.org.br\/wp-content\/uploads\/2022\/12\/WhatsApp-Image-2022-12-01-at-17.24.20-1024x766.jpeg\" alt=\"\" width=\"768\" height=\"574\" \/><\/p>\n<p align=\"justify\"><em>Taissa Gracik<\/em><\/p>\n","protected":false},"excerpt":{"rendered":"<p>O Pr\u00eamio Brasil Mais Inclus\u00e3o \u00e9 uma homenagem anual a organiza\u00e7\u00f5es ou personalidades que realizam a\u00e7\u00f5es em prol da inclus\u00e3o de pessoas com defici\u00eancia<\/p>\n","protected":false},"author":1,"featured_media":15700,"comment_status":"closed","ping_status":"closed","sticky":false,"template":"","format":"standard","meta":{"_acf_changed":false,"footnotes":""},"categories":[11],"tags":[69,134,135,90,13],"class_list":["post-15699","post","type-post","status-publish","format-standard","has-post-thumbnail","hentry","category-cottolengo","tag-homenagem","tag-premiacao","tag-premio-brasil-mais-inclusao","tag-solenidade","tag-vila-sao-cottolengo"],"acf":[],"yoast_head":"<!-- This site is optimized with the Yoast SEO plugin v27.2 - https:\/\/yoast.com\/product\/yoast-seo-wordpress\/ -->\n<title>Vila \u00e9 uma das cinco institui\u00e7\u00f5es do Brasil a receber o Pr\u00eamio Brasil Mais Inclus\u00e3o - Nossa Providencia \u00e9 Voc\u00ea<\/title>\n<meta name=\"description\" content=\"O Pr\u00eamio Brasil Mais Inclus\u00e3o \u00e9 uma homenagem anual a organiza\u00e7\u00f5es ou personalidades que realizam a\u00e7\u00f5es em prol da inclus\u00e3o de pessoas com defici\u00eancia\" \/>\n<meta name=\"robots\" content=\"index, follow, max-snippet:-1, max-image-preview:large, max-video-preview:-1\" \/>\n<link rel=\"canonical\" href=\"https:\/\/cottolengo.org.br\/?p=15699\" \/>\n<meta property=\"og:locale\" content=\"pt_BR\" \/>\n<meta property=\"og:type\" content=\"article\" \/>\n<meta property=\"og:title\" content=\"Vila \u00e9 uma das cinco institui\u00e7\u00f5es do Brasil a receber o Pr\u00eamio Brasil Mais Inclus\u00e3o - Nossa Providencia \u00e9 Voc\u00ea\" \/>\n<meta property=\"og:description\" content=\"O Pr\u00eamio Brasil Mais Inclus\u00e3o \u00e9 uma homenagem anual a organiza\u00e7\u00f5es ou personalidades que realizam a\u00e7\u00f5es em prol da inclus\u00e3o de pessoas com defici\u00eancia\" \/>\n<meta property=\"og:url\" content=\"https:\/\/cottolengo.org.br\/?p=15699\" \/>\n<meta property=\"og:site_name\" content=\"Nossa Providencia \u00e9 Voc\u00ea\" \/>\n<meta property=\"article:published_time\" content=\"2022-12-05T17:17:02+00:00\" \/>\n<meta name=\"author\" content=\"agencia\" \/>\n<meta name=\"twitter:card\" content=\"summary_large_image\" \/>\n<meta name=\"twitter:label1\" content=\"Escrito por\" \/>\n\t<meta name=\"twitter:data1\" content=\"agencia\" \/>\n\t<meta name=\"twitter:label2\" content=\"Est. tempo de leitura\" \/>\n\t<meta name=\"twitter:data2\" content=\"3 minutos\" \/>\n<script type=\"application\/ld+json\" class=\"yoast-schema-graph\">{\"@context\":\"https:\/\/schema.org\",\"@graph\":[{\"@type\":\"Article\",\"@id\":\"https:\/\/cottolengo.org.br\/?p=15699#article\",\"isPartOf\":{\"@id\":\"https:\/\/cottolengo.org.br\/?p=15699\"},\"author\":{\"name\":\"agencia\",\"@id\":\"https:\/\/cottolengo.org.br\/#\/schema\/person\/964e23bf508df6935336ee8da52c27c9\"},\"headline\":\"Vila \u00e9 uma das cinco institui\u00e7\u00f5es do Brasil a receber o Pr\u00eamio Brasil Mais Inclus\u00e3o\",\"datePublished\":\"2022-12-05T17:17:02+00:00\",\"mainEntityOfPage\":{\"@id\":\"https:\/\/cottolengo.org.br\/?p=15699\"},\"wordCount\":451,\"publisher\":{\"@id\":\"https:\/\/cottolengo.org.br\/#organization\"},\"image\":{\"@id\":\"https:\/\/cottolengo.org.br\/?p=15699#primaryimage\"},\"thumbnailUrl\":\"\",\"keywords\":[\"homenagem\",\"premia\u00e7\u00e3o\",\"Pr\u00eamio Brasil Mais Inclus\u00e3o\",\"Solenidade\",\"Vila S\u00e3o Cottolengo\"],\"articleSection\":[\"Cottolengo\"],\"inLanguage\":\"pt-BR\"},{\"@type\":\"WebPage\",\"@id\":\"https:\/\/cottolengo.org.br\/?p=15699\",\"url\":\"https:\/\/cottolengo.org.br\/?p=15699\",\"name\":\"Vila \u00e9 uma das cinco institui\u00e7\u00f5es do Brasil a receber o Pr\u00eamio Brasil Mais Inclus\u00e3o - Nossa Providencia \u00e9 Voc\u00ea\",\"isPartOf\":{\"@id\":\"https:\/\/cottolengo.org.br\/#website\"},\"primaryImageOfPage\":{\"@id\":\"https:\/\/cottolengo.org.br\/?p=15699#primaryimage\"},\"image\":{\"@id\":\"https:\/\/cottolengo.org.br\/?p=15699#primaryimage\"},\"thumbnailUrl\":\"\",\"datePublished\":\"2022-12-05T17:17:02+00:00\",\"description\":\"O Pr\u00eamio Brasil Mais Inclus\u00e3o \u00e9 uma homenagem anual a organiza\u00e7\u00f5es ou personalidades que realizam a\u00e7\u00f5es em prol da inclus\u00e3o de pessoas com defici\u00eancia\",\"breadcrumb\":{\"@id\":\"https:\/\/cottolengo.org.br\/?p=15699#breadcrumb\"},\"inLanguage\":\"pt-BR\",\"potentialAction\":[{\"@type\":\"ReadAction\",\"target\":[\"https:\/\/cottolengo.org.br\/?p=15699\"]}]},{\"@type\":\"ImageObject\",\"inLanguage\":\"pt-BR\",\"@id\":\"https:\/\/cottolengo.org.br\/?p=15699#primaryimage\",\"url\":\"\",\"contentUrl\":\"\"},{\"@type\":\"BreadcrumbList\",\"@id\":\"https:\/\/cottolengo.org.br\/?p=15699#breadcrumb\",\"itemListElement\":[{\"@type\":\"ListItem\",\"position\":1,\"name\":\"In\u00edcio\",\"item\":\"https:\/\/cottolengo.org.br\/\"},{\"@type\":\"ListItem\",\"position\":2,\"name\":\"Vila \u00e9 uma das cinco institui\u00e7\u00f5es do Brasil a receber o Pr\u00eamio Brasil Mais Inclus\u00e3o\"}]},{\"@type\":\"WebSite\",\"@id\":\"https:\/\/cottolengo.org.br\/#website\",\"url\":\"https:\/\/cottolengo.org.br\/\",\"name\":\"Vila S\u00e3o Cottolengo\",\"description\":\"\",\"publisher\":{\"@id\":\"https:\/\/cottolengo.org.br\/#organization\"},\"potentialAction\":[{\"@type\":\"SearchAction\",\"target\":{\"@type\":\"EntryPoint\",\"urlTemplate\":\"https:\/\/cottolengo.org.br\/?s={search_term_string}\"},\"query-input\":{\"@type\":\"PropertyValueSpecification\",\"valueRequired\":true,\"valueName\":\"search_term_string\"}}],\"inLanguage\":\"pt-BR\"},{\"@type\":\"Organization\",\"@id\":\"https:\/\/cottolengo.org.br\/#organization\",\"name\":\"Vila S\u00e3o Cottolengo\",\"url\":\"https:\/\/cottolengo.org.br\/\",\"logo\":{\"@type\":\"ImageObject\",\"inLanguage\":\"pt-BR\",\"@id\":\"https:\/\/cottolengo.org.br\/#\/schema\/logo\/image\/\",\"url\":\"https:\/\/cottolengo.org.br\/wp-content\/uploads\/2025\/05\/logo-oficial.png\",\"contentUrl\":\"https:\/\/cottolengo.org.br\/wp-content\/uploads\/2025\/05\/logo-oficial.png\",\"width\":200,\"height\":150,\"caption\":\"Vila S\u00e3o Cottolengo\"},\"image\":{\"@id\":\"https:\/\/cottolengo.org.br\/#\/schema\/logo\/image\/\"},\"sameAs\":[\"https:\/\/youtube.com\/user\/VilaSaoCottolengo\",\"https:\/\/instagram.com\/vilasaocottolengo\"]},{\"@type\":\"Person\",\"@id\":\"https:\/\/cottolengo.org.br\/#\/schema\/person\/964e23bf508df6935336ee8da52c27c9\",\"name\":\"agencia\",\"image\":{\"@type\":\"ImageObject\",\"inLanguage\":\"pt-BR\",\"@id\":\"https:\/\/secure.gravatar.com\/avatar\/4b7e211b49014369f51c8e09acdd2b65afa7ce2ee83764b3c090dc1f607a8ddd?s=96&d=mm&r=g\",\"url\":\"https:\/\/secure.gravatar.com\/avatar\/4b7e211b49014369f51c8e09acdd2b65afa7ce2ee83764b3c090dc1f607a8ddd?s=96&d=mm&r=g\",\"contentUrl\":\"https:\/\/secure.gravatar.com\/avatar\/4b7e211b49014369f51c8e09acdd2b65afa7ce2ee83764b3c090dc1f607a8ddd?s=96&d=mm&r=g\",\"caption\":\"agencia\"},\"sameAs\":[\"https:\/\/cottolengo.org.br\"],\"url\":\"https:\/\/cottolengo.org.br\/?author=1\"}]}<\/script>\n<!-- \/ Yoast SEO plugin. -->","yoast_head_json":{"title":"Vila \u00e9 uma das cinco institui\u00e7\u00f5es do Brasil a receber o Pr\u00eamio Brasil Mais Inclus\u00e3o - Nossa Providencia \u00e9 Voc\u00ea","description":"O Pr\u00eamio Brasil Mais Inclus\u00e3o \u00e9 uma homenagem anual a organiza\u00e7\u00f5es ou personalidades que realizam a\u00e7\u00f5es em prol da inclus\u00e3o de pessoas com defici\u00eancia","robots":{"index":"index","follow":"follow","max-snippet":"max-snippet:-1","max-image-preview":"max-image-preview:large","max-video-preview":"max-video-preview:-1"},"canonical":"https:\/\/cottolengo.org.br\/?p=15699","og_locale":"pt_BR","og_type":"article","og_title":"Vila \u00e9 uma das cinco institui\u00e7\u00f5es do Brasil a receber o Pr\u00eamio Brasil Mais Inclus\u00e3o - Nossa Providencia \u00e9 Voc\u00ea","og_description":"O Pr\u00eamio Brasil Mais Inclus\u00e3o \u00e9 uma homenagem anual a organiza\u00e7\u00f5es ou personalidades que realizam a\u00e7\u00f5es em prol da inclus\u00e3o de pessoas com defici\u00eancia","og_url":"https:\/\/cottolengo.org.br\/?p=15699","og_site_name":"Nossa Providencia \u00e9 Voc\u00ea","article_published_time":"2022-12-05T17:17:02+00:00","author":"agencia","twitter_card":"summary_large_image","twitter_misc":{"Escrito por":"agencia","Est. tempo de leitura":"3 minutos"},"schema":{"@context":"https:\/\/schema.org","@graph":[{"@type":"Article","@id":"https:\/\/cottolengo.org.br\/?p=15699#article","isPartOf":{"@id":"https:\/\/cottolengo.org.br\/?p=15699"},"author":{"name":"agencia","@id":"https:\/\/cottolengo.org.br\/#\/schema\/person\/964e23bf508df6935336ee8da52c27c9"},"headline":"Vila \u00e9 uma das cinco institui\u00e7\u00f5es do Brasil a receber o Pr\u00eamio Brasil Mais Inclus\u00e3o","datePublished":"2022-12-05T17:17:02+00:00","mainEntityOfPage":{"@id":"https:\/\/cottolengo.org.br\/?p=15699"},"wordCount":451,"publisher":{"@id":"https:\/\/cottolengo.org.br\/#organization"},"image":{"@id":"https:\/\/cottolengo.org.br\/?p=15699#primaryimage"},"thumbnailUrl":"","keywords":["homenagem","premia\u00e7\u00e3o","Pr\u00eamio Brasil Mais Inclus\u00e3o","Solenidade","Vila S\u00e3o Cottolengo"],"articleSection":["Cottolengo"],"inLanguage":"pt-BR"},{"@type":"WebPage","@id":"https:\/\/cottolengo.org.br\/?p=15699","url":"https:\/\/cottolengo.org.br\/?p=15699","name":"Vila \u00e9 uma das cinco institui\u00e7\u00f5es do Brasil a receber o Pr\u00eamio Brasil Mais Inclus\u00e3o - Nossa Providencia \u00e9 Voc\u00ea","isPartOf":{"@id":"https:\/\/cottolengo.org.br\/#website"},"primaryImageOfPage":{"@id":"https:\/\/cottolengo.org.br\/?p=15699#primaryimage"},"image":{"@id":"https:\/\/cottolengo.org.br\/?p=15699#primaryimage"},"thumbnailUrl":"","datePublished":"2022-12-05T17:17:02+00:00","description":"O Pr\u00eamio Brasil Mais Inclus\u00e3o \u00e9 uma homenagem anual a organiza\u00e7\u00f5es ou personalidades que realizam a\u00e7\u00f5es em prol da inclus\u00e3o de pessoas com defici\u00eancia","breadcrumb":{"@id":"https:\/\/cottolengo.org.br\/?p=15699#breadcrumb"},"inLanguage":"pt-BR","potentialAction":[{"@type":"ReadAction","target":["https:\/\/cottolengo.org.br\/?p=15699"]}]},{"@type":"ImageObject","inLanguage":"pt-BR","@id":"https:\/\/cottolengo.org.br\/?p=15699#primaryimage","url":"","contentUrl":""},{"@type":"BreadcrumbList","@id":"https:\/\/cottolengo.org.br\/?p=15699#breadcrumb","itemListElement":[{"@type":"ListItem","position":1,"name":"In\u00edcio","item":"https:\/\/cottolengo.org.br\/"},{"@type":"ListItem","position":2,"name":"Vila \u00e9 uma das cinco institui\u00e7\u00f5es do Brasil a receber o Pr\u00eamio Brasil Mais Inclus\u00e3o"}]},{"@type":"WebSite","@id":"https:\/\/cottolengo.org.br\/#website","url":"https:\/\/cottolengo.org.br\/","name":"Vila S\u00e3o Cottolengo","description":"","publisher":{"@id":"https:\/\/cottolengo.org.br\/#organization"},"potentialAction":[{"@type":"SearchAction","target":{"@type":"EntryPoint","urlTemplate":"https:\/\/cottolengo.org.br\/?s={search_term_string}"},"query-input":{"@type":"PropertyValueSpecification","valueRequired":true,"valueName":"search_term_string"}}],"inLanguage":"pt-BR"},{"@type":"Organization","@id":"https:\/\/cottolengo.org.br\/#organization","name":"Vila S\u00e3o Cottolengo","url":"https:\/\/cottolengo.org.br\/","logo":{"@type":"ImageObject","inLanguage":"pt-BR","@id":"https:\/\/cottolengo.org.br\/#\/schema\/logo\/image\/","url":"https:\/\/cottolengo.org.br\/wp-content\/uploads\/2025\/05\/logo-oficial.png","contentUrl":"https:\/\/cottolengo.org.br\/wp-content\/uploads\/2025\/05\/logo-oficial.png","width":200,"height":150,"caption":"Vila S\u00e3o Cottolengo"},"image":{"@id":"https:\/\/cottolengo.org.br\/#\/schema\/logo\/image\/"},"sameAs":["https:\/\/youtube.com\/user\/VilaSaoCottolengo","https:\/\/instagram.com\/vilasaocottolengo"]},{"@type":"Person","@id":"https:\/\/cottolengo.org.br\/#\/schema\/person\/964e23bf508df6935336ee8da52c27c9","name":"agencia","image":{"@type":"ImageObject","inLanguage":"pt-BR","@id":"https:\/\/secure.gravatar.com\/avatar\/4b7e211b49014369f51c8e09acdd2b65afa7ce2ee83764b3c090dc1f607a8ddd?s=96&d=mm&r=g","url":"https:\/\/secure.gravatar.com\/avatar\/4b7e211b49014369f51c8e09acdd2b65afa7ce2ee83764b3c090dc1f607a8ddd?s=96&d=mm&r=g","contentUrl":"https:\/\/secure.gravatar.com\/avatar\/4b7e211b49014369f51c8e09acdd2b65afa7ce2ee83764b3c090dc1f607a8ddd?s=96&d=mm&r=g","caption":"agencia"},"sameAs":["https:\/\/cottolengo.org.br"],"url":"https:\/\/cottolengo.org.br\/?author=1"}]}},"_links":{"self":[{"href":"https:\/\/cottolengo.org.br\/index.php?rest_route=\/wp\/v2\/posts\/15699","targetHints":{"allow":["GET"]}}],"collection":[{"href":"https:\/\/cottolengo.org.br\/index.php?rest_route=\/wp\/v2\/posts"}],"about":[{"href":"https:\/\/cottolengo.org.br\/index.php?rest_route=\/wp\/v2\/types\/post"}],"author":[{"embeddable":true,"href":"https:\/\/cottolengo.org.br\/index.php?rest_route=\/wp\/v2\/users\/1"}],"replies":[{"embeddable":true,"href":"https:\/\/cottolengo.org.br\/index.php?rest_route=%2Fwp%2Fv2%2Fcomments&post=15699"}],"version-history":[{"count":0,"href":"https:\/\/cottolengo.org.br\/index.php?rest_route=\/wp\/v2\/posts\/15699\/revisions"}],"wp:featuredmedia":[{"embeddable":true,"href":"https:\/\/cottolengo.org.br\/index.php?rest_route=\/"}],"wp:attachment":[{"href":"https:\/\/cottolengo.org.br\/index.php?rest_route=%2Fwp%2Fv2%2Fmedia&parent=15699"}],"wp:term":[{"taxonomy":"category","embeddable":true,"href":"https:\/\/cottolengo.org.br\/index.php?rest_route=%2Fwp%2Fv2%2Fcategories&post=15699"},{"taxonomy":"post_tag","embeddable":true,"href":"https:\/\/cottolengo.org.br\/index.php?rest_route=%2Fwp%2Fv2%2Ftags&post=15699"}],"curies":[{"name":"wp","href":"https:\/\/api.w.org\/{rel}","templated":true}]}}