{"id":15720,"date":"2022-12-23T09:32:01","date_gmt":"2022-12-23T12:32:01","guid":{"rendered":"https:\/\/cottolengo.org.br\/?p=15720"},"modified":"2022-12-23T09:32:01","modified_gmt":"2022-12-23T12:32:01","slug":"papai-noel-anima-o-almoco-de-natal-dos-pacientes-da-vila","status":"publish","type":"post","link":"https:\/\/cottolengo.org.br\/?p=15720","title":{"rendered":"Papai Noel anima o almo\u00e7o de Natal dos pacientes da Vila"},"content":{"rendered":"<p class=\"western\" align=\"justify\"><span style=\"color: #262626;\"><span style=\"font-family: Arial, sans-serif;\"><span style=\"font-size: medium;\">O Natal \u00e9 uma \u00e9poca de uni\u00e3o, alegria, amor e esperan\u00e7a. Dessa forma, \u00e9 tradi\u00e7\u00e3o que os pacientes da Vila participem de um almo\u00e7o de Natal para festejar a irmandade e as b\u00ean\u00e7\u00e3os recebidas. Na institui\u00e7\u00e3o, s\u00e3o muitas as comemora\u00e7\u00f5es realizadas neste per\u00edodo, de modo a agradecer pelo ano vivido e, claro, celebrar o nascimento de Jesus Cristo.<\/span><\/span><\/span><\/p>\n<p class=\"western\" align=\"justify\"><span style=\"color: #262626;\"><span style=\"font-family: Arial, sans-serif;\"><span style=\"font-size: medium;\"><span lang=\"pt-BR\">E o almo\u00e7o de<\/span><\/span><\/span><\/span><span style=\"color: #262626;\"><span style=\"font-family: Arial, sans-serif;\"><span style=\"font-size: medium;\"><span lang=\"pt-BR\">sta quarta-feira, 21,<\/span><\/span><\/span><\/span><span style=\"color: #262626;\"><span style=\"font-family: Arial, sans-serif;\"><span style=\"font-size: medium;\"><span lang=\"pt-BR\"> realizado nas pr\u00f3prias Unidades de Interna\u00e7\u00e3o, contou com uma presen\u00e7a muito especial e que fez brilhar os olhos dos nossos pacientes. A chegada do Papai Noel nas Unidades provocou sorrisos e emo\u00e7\u00f5es em todos os que participavam do momento. <\/span><\/span><\/span><\/span><\/p>\n<p class=\"western\" align=\"justify\"><span style=\"color: #262626;\"><span style=\"font-family: Arial, sans-serif;\"><span style=\"font-size: medium;\"><span lang=\"pt-BR\">C<\/span><\/span><\/span><\/span><span style=\"color: #262626;\"><span style=\"font-family: Arial, sans-serif;\"><span style=\"font-size: medium;\"><span lang=\"pt-BR\">om um card\u00e1pio especial, com os ambientes decorados e os pacientes <\/span><\/span><\/span><\/span><span style=\"color: #262626;\"><span style=\"font-family: Arial, sans-serif;\"><span style=\"font-size: medium;\"><span lang=\"pt-BR\">empolgados, o almo\u00e7o de Natal resgata o maior prop\u00f3sito da Vila: cuidar com amor. Nesta \u00e9poca do ano, as fam\u00edlias se re\u00fanem, trocam presentes e preparam boas comidas. Aqui n\u00e3o \u00e9 diferente. A fam\u00edlia Cottolengo celebra a uni\u00e3o e o amor vivenciados dia ap\u00f3s dia na institui\u00e7\u00e3o. <\/span><\/span><\/span><\/span><span style=\"color: #262626;\"><span style=\"font-family: Arial, sans-serif;\"><span style=\"font-size: medium;\"><span lang=\"pt-BR\">Que a alegria <\/span><\/span><\/span><\/span><span style=\"color: #262626;\"><span style=\"font-family: Arial, sans-serif;\"><span style=\"font-size: medium;\"><span lang=\"pt-BR\">expressa neste almo\u00e7o de Natal<\/span><\/span><\/span><\/span><span style=\"color: #262626;\"><span style=\"font-family: Arial, sans-serif;\"><span style=\"font-size: medium;\"><span lang=\"pt-BR\"> aque\u00e7a os nossos cora\u00e7\u00f5es e nos fortale\u00e7a na f\u00e9 e na irmandade!<\/span><\/span><\/span><\/span><\/p>\n<p style=\"text-align: center;\" align=\"justify\"><strong>Veja as fotos do encontro com o Papai Noel<\/strong><\/p>\n\n<p align=\"justify\"><em>Taissa Gracik<\/em><\/p>\n","protected":false},"excerpt":{"rendered":"<p>O almo\u00e7o de Natal, realizado anualmente para os pacientes da Vila, celebra a uni\u00e3o e a fam\u00edlia constru\u00edda na institui\u00e7\u00e3o<\/p>\n","protected":false},"author":1,"featured_media":15721,"comment_status":"closed","ping_status":"closed","sticky":false,"template":"","format":"standard","meta":{"_acf_changed":false,"footnotes":""},"categories":[11],"tags":[136,22,29,137,13],"class_list":["post-15720","post","type-post","status-publish","format-standard","has-post-thumbnail","hentry","category-cottolengo","tag-almoco","tag-natal","tag-pacientes","tag-papai-noel","tag-vila-sao-cottolengo"],"acf":[],"yoast_head":"<!-- This site is optimized with the Yoast SEO plugin v27.2 - https:\/\/yoast.com\/product\/yoast-seo-wordpress\/ -->\n<title>Papai Noel anima o almo\u00e7o de Natal dos pacientes da Vila - Nossa Providencia \u00e9 Voc\u00ea<\/title>\n<meta name=\"description\" content=\"O almo\u00e7o de Natal, realizado anualmente para os pacientes da Vila, celebra a uni\u00e3o e a fam\u00edlia constru\u00edda na institui\u00e7\u00e3o\" \/>\n<meta name=\"robots\" content=\"index, follow, max-snippet:-1, max-image-preview:large, max-video-preview:-1\" \/>\n<link rel=\"canonical\" href=\"https:\/\/cottolengo.org.br\/?p=15720\" \/>\n<meta property=\"og:locale\" content=\"pt_BR\" \/>\n<meta property=\"og:type\" content=\"article\" \/>\n<meta property=\"og:title\" content=\"Papai Noel anima o almo\u00e7o de Natal dos pacientes da Vila - Nossa Providencia \u00e9 Voc\u00ea\" \/>\n<meta property=\"og:description\" content=\"O almo\u00e7o de Natal, realizado anualmente para os pacientes da Vila, celebra a uni\u00e3o e a fam\u00edlia constru\u00edda na institui\u00e7\u00e3o\" \/>\n<meta property=\"og:url\" content=\"https:\/\/cottolengo.org.br\/?p=15720\" \/>\n<meta property=\"og:site_name\" content=\"Nossa Providencia \u00e9 Voc\u00ea\" \/>\n<meta property=\"article:published_time\" content=\"2022-12-23T12:32:01+00:00\" \/>\n<meta name=\"author\" content=\"agencia\" \/>\n<meta name=\"twitter:card\" content=\"summary_large_image\" \/>\n<meta name=\"twitter:label1\" content=\"Escrito por\" \/>\n\t<meta name=\"twitter:data1\" content=\"agencia\" \/>\n\t<meta name=\"twitter:label2\" content=\"Est. tempo de leitura\" \/>\n\t<meta name=\"twitter:data2\" content=\"2 minutos\" \/>\n<script type=\"application\/ld+json\" class=\"yoast-schema-graph\">{\"@context\":\"https:\/\/schema.org\",\"@graph\":[{\"@type\":\"Article\",\"@id\":\"https:\/\/cottolengo.org.br\/?p=15720#article\",\"isPartOf\":{\"@id\":\"https:\/\/cottolengo.org.br\/?p=15720\"},\"author\":{\"name\":\"agencia\",\"@id\":\"https:\/\/cottolengo.org.br\/#\/schema\/person\/964e23bf508df6935336ee8da52c27c9\"},\"headline\":\"Papai Noel anima o almo\u00e7o de Natal dos pacientes da Vila\",\"datePublished\":\"2022-12-23T12:32:01+00:00\",\"mainEntityOfPage\":{\"@id\":\"https:\/\/cottolengo.org.br\/?p=15720\"},\"wordCount\":237,\"publisher\":{\"@id\":\"https:\/\/cottolengo.org.br\/#organization\"},\"image\":{\"@id\":\"https:\/\/cottolengo.org.br\/?p=15720#primaryimage\"},\"thumbnailUrl\":\"\",\"keywords\":[\"almo\u00e7o\",\"Natal\",\"pacientes\",\"Papai Noel\",\"Vila S\u00e3o Cottolengo\"],\"articleSection\":[\"Cottolengo\"],\"inLanguage\":\"pt-BR\"},{\"@type\":\"WebPage\",\"@id\":\"https:\/\/cottolengo.org.br\/?p=15720\",\"url\":\"https:\/\/cottolengo.org.br\/?p=15720\",\"name\":\"Papai Noel anima o almo\u00e7o de Natal dos pacientes da Vila - Nossa Providencia \u00e9 Voc\u00ea\",\"isPartOf\":{\"@id\":\"https:\/\/cottolengo.org.br\/#website\"},\"primaryImageOfPage\":{\"@id\":\"https:\/\/cottolengo.org.br\/?p=15720#primaryimage\"},\"image\":{\"@id\":\"https:\/\/cottolengo.org.br\/?p=15720#primaryimage\"},\"thumbnailUrl\":\"\",\"datePublished\":\"2022-12-23T12:32:01+00:00\",\"description\":\"O almo\u00e7o de Natal, realizado anualmente para os pacientes da Vila, celebra a uni\u00e3o e a fam\u00edlia constru\u00edda na institui\u00e7\u00e3o\",\"breadcrumb\":{\"@id\":\"https:\/\/cottolengo.org.br\/?p=15720#breadcrumb\"},\"inLanguage\":\"pt-BR\",\"potentialAction\":[{\"@type\":\"ReadAction\",\"target\":[\"https:\/\/cottolengo.org.br\/?p=15720\"]}]},{\"@type\":\"ImageObject\",\"inLanguage\":\"pt-BR\",\"@id\":\"https:\/\/cottolengo.org.br\/?p=15720#primaryimage\",\"url\":\"\",\"contentUrl\":\"\"},{\"@type\":\"BreadcrumbList\",\"@id\":\"https:\/\/cottolengo.org.br\/?p=15720#breadcrumb\",\"itemListElement\":[{\"@type\":\"ListItem\",\"position\":1,\"name\":\"In\u00edcio\",\"item\":\"https:\/\/cottolengo.org.br\/\"},{\"@type\":\"ListItem\",\"position\":2,\"name\":\"Papai Noel anima o almo\u00e7o de Natal dos pacientes da Vila\"}]},{\"@type\":\"WebSite\",\"@id\":\"https:\/\/cottolengo.org.br\/#website\",\"url\":\"https:\/\/cottolengo.org.br\/\",\"name\":\"Vila S\u00e3o Cottolengo\",\"description\":\"\",\"publisher\":{\"@id\":\"https:\/\/cottolengo.org.br\/#organization\"},\"potentialAction\":[{\"@type\":\"SearchAction\",\"target\":{\"@type\":\"EntryPoint\",\"urlTemplate\":\"https:\/\/cottolengo.org.br\/?s={search_term_string}\"},\"query-input\":{\"@type\":\"PropertyValueSpecification\",\"valueRequired\":true,\"valueName\":\"search_term_string\"}}],\"inLanguage\":\"pt-BR\"},{\"@type\":\"Organization\",\"@id\":\"https:\/\/cottolengo.org.br\/#organization\",\"name\":\"Vila S\u00e3o Cottolengo\",\"url\":\"https:\/\/cottolengo.org.br\/\",\"logo\":{\"@type\":\"ImageObject\",\"inLanguage\":\"pt-BR\",\"@id\":\"https:\/\/cottolengo.org.br\/#\/schema\/logo\/image\/\",\"url\":\"https:\/\/cottolengo.org.br\/wp-content\/uploads\/2025\/05\/logo-oficial.png\",\"contentUrl\":\"https:\/\/cottolengo.org.br\/wp-content\/uploads\/2025\/05\/logo-oficial.png\",\"width\":200,\"height\":150,\"caption\":\"Vila S\u00e3o Cottolengo\"},\"image\":{\"@id\":\"https:\/\/cottolengo.org.br\/#\/schema\/logo\/image\/\"},\"sameAs\":[\"https:\/\/youtube.com\/user\/VilaSaoCottolengo\",\"https:\/\/instagram.com\/vilasaocottolengo\"]},{\"@type\":\"Person\",\"@id\":\"https:\/\/cottolengo.org.br\/#\/schema\/person\/964e23bf508df6935336ee8da52c27c9\",\"name\":\"agencia\",\"image\":{\"@type\":\"ImageObject\",\"inLanguage\":\"pt-BR\",\"@id\":\"https:\/\/secure.gravatar.com\/avatar\/4b7e211b49014369f51c8e09acdd2b65afa7ce2ee83764b3c090dc1f607a8ddd?s=96&d=mm&r=g\",\"url\":\"https:\/\/secure.gravatar.com\/avatar\/4b7e211b49014369f51c8e09acdd2b65afa7ce2ee83764b3c090dc1f607a8ddd?s=96&d=mm&r=g\",\"contentUrl\":\"https:\/\/secure.gravatar.com\/avatar\/4b7e211b49014369f51c8e09acdd2b65afa7ce2ee83764b3c090dc1f607a8ddd?s=96&d=mm&r=g\",\"caption\":\"agencia\"},\"sameAs\":[\"https:\/\/cottolengo.org.br\"],\"url\":\"https:\/\/cottolengo.org.br\/?author=1\"}]}<\/script>\n<!-- \/ Yoast SEO plugin. -->","yoast_head_json":{"title":"Papai Noel anima o almo\u00e7o de Natal dos pacientes da Vila - Nossa Providencia \u00e9 Voc\u00ea","description":"O almo\u00e7o de Natal, realizado anualmente para os pacientes da Vila, celebra a uni\u00e3o e a fam\u00edlia constru\u00edda na institui\u00e7\u00e3o","robots":{"index":"index","follow":"follow","max-snippet":"max-snippet:-1","max-image-preview":"max-image-preview:large","max-video-preview":"max-video-preview:-1"},"canonical":"https:\/\/cottolengo.org.br\/?p=15720","og_locale":"pt_BR","og_type":"article","og_title":"Papai Noel anima o almo\u00e7o de Natal dos pacientes da Vila - Nossa Providencia \u00e9 Voc\u00ea","og_description":"O almo\u00e7o de Natal, realizado anualmente para os pacientes da Vila, celebra a uni\u00e3o e a fam\u00edlia constru\u00edda na institui\u00e7\u00e3o","og_url":"https:\/\/cottolengo.org.br\/?p=15720","og_site_name":"Nossa Providencia \u00e9 Voc\u00ea","article_published_time":"2022-12-23T12:32:01+00:00","author":"agencia","twitter_card":"summary_large_image","twitter_misc":{"Escrito por":"agencia","Est. tempo de leitura":"2 minutos"},"schema":{"@context":"https:\/\/schema.org","@graph":[{"@type":"Article","@id":"https:\/\/cottolengo.org.br\/?p=15720#article","isPartOf":{"@id":"https:\/\/cottolengo.org.br\/?p=15720"},"author":{"name":"agencia","@id":"https:\/\/cottolengo.org.br\/#\/schema\/person\/964e23bf508df6935336ee8da52c27c9"},"headline":"Papai Noel anima o almo\u00e7o de Natal dos pacientes da Vila","datePublished":"2022-12-23T12:32:01+00:00","mainEntityOfPage":{"@id":"https:\/\/cottolengo.org.br\/?p=15720"},"wordCount":237,"publisher":{"@id":"https:\/\/cottolengo.org.br\/#organization"},"image":{"@id":"https:\/\/cottolengo.org.br\/?p=15720#primaryimage"},"thumbnailUrl":"","keywords":["almo\u00e7o","Natal","pacientes","Papai Noel","Vila S\u00e3o Cottolengo"],"articleSection":["Cottolengo"],"inLanguage":"pt-BR"},{"@type":"WebPage","@id":"https:\/\/cottolengo.org.br\/?p=15720","url":"https:\/\/cottolengo.org.br\/?p=15720","name":"Papai Noel anima o almo\u00e7o de Natal dos pacientes da Vila - Nossa Providencia \u00e9 Voc\u00ea","isPartOf":{"@id":"https:\/\/cottolengo.org.br\/#website"},"primaryImageOfPage":{"@id":"https:\/\/cottolengo.org.br\/?p=15720#primaryimage"},"image":{"@id":"https:\/\/cottolengo.org.br\/?p=15720#primaryimage"},"thumbnailUrl":"","datePublished":"2022-12-23T12:32:01+00:00","description":"O almo\u00e7o de Natal, realizado anualmente para os pacientes da Vila, celebra a uni\u00e3o e a fam\u00edlia constru\u00edda na institui\u00e7\u00e3o","breadcrumb":{"@id":"https:\/\/cottolengo.org.br\/?p=15720#breadcrumb"},"inLanguage":"pt-BR","potentialAction":[{"@type":"ReadAction","target":["https:\/\/cottolengo.org.br\/?p=15720"]}]},{"@type":"ImageObject","inLanguage":"pt-BR","@id":"https:\/\/cottolengo.org.br\/?p=15720#primaryimage","url":"","contentUrl":""},{"@type":"BreadcrumbList","@id":"https:\/\/cottolengo.org.br\/?p=15720#breadcrumb","itemListElement":[{"@type":"ListItem","position":1,"name":"In\u00edcio","item":"https:\/\/cottolengo.org.br\/"},{"@type":"ListItem","position":2,"name":"Papai Noel anima o almo\u00e7o de Natal dos pacientes da Vila"}]},{"@type":"WebSite","@id":"https:\/\/cottolengo.org.br\/#website","url":"https:\/\/cottolengo.org.br\/","name":"Vila S\u00e3o Cottolengo","description":"","publisher":{"@id":"https:\/\/cottolengo.org.br\/#organization"},"potentialAction":[{"@type":"SearchAction","target":{"@type":"EntryPoint","urlTemplate":"https:\/\/cottolengo.org.br\/?s={search_term_string}"},"query-input":{"@type":"PropertyValueSpecification","valueRequired":true,"valueName":"search_term_string"}}],"inLanguage":"pt-BR"},{"@type":"Organization","@id":"https:\/\/cottolengo.org.br\/#organization","name":"Vila S\u00e3o Cottolengo","url":"https:\/\/cottolengo.org.br\/","logo":{"@type":"ImageObject","inLanguage":"pt-BR","@id":"https:\/\/cottolengo.org.br\/#\/schema\/logo\/image\/","url":"https:\/\/cottolengo.org.br\/wp-content\/uploads\/2025\/05\/logo-oficial.png","contentUrl":"https:\/\/cottolengo.org.br\/wp-content\/uploads\/2025\/05\/logo-oficial.png","width":200,"height":150,"caption":"Vila S\u00e3o Cottolengo"},"image":{"@id":"https:\/\/cottolengo.org.br\/#\/schema\/logo\/image\/"},"sameAs":["https:\/\/youtube.com\/user\/VilaSaoCottolengo","https:\/\/instagram.com\/vilasaocottolengo"]},{"@type":"Person","@id":"https:\/\/cottolengo.org.br\/#\/schema\/person\/964e23bf508df6935336ee8da52c27c9","name":"agencia","image":{"@type":"ImageObject","inLanguage":"pt-BR","@id":"https:\/\/secure.gravatar.com\/avatar\/4b7e211b49014369f51c8e09acdd2b65afa7ce2ee83764b3c090dc1f607a8ddd?s=96&d=mm&r=g","url":"https:\/\/secure.gravatar.com\/avatar\/4b7e211b49014369f51c8e09acdd2b65afa7ce2ee83764b3c090dc1f607a8ddd?s=96&d=mm&r=g","contentUrl":"https:\/\/secure.gravatar.com\/avatar\/4b7e211b49014369f51c8e09acdd2b65afa7ce2ee83764b3c090dc1f607a8ddd?s=96&d=mm&r=g","caption":"agencia"},"sameAs":["https:\/\/cottolengo.org.br"],"url":"https:\/\/cottolengo.org.br\/?author=1"}]}},"_links":{"self":[{"href":"https:\/\/cottolengo.org.br\/index.php?rest_route=\/wp\/v2\/posts\/15720","targetHints":{"allow":["GET"]}}],"collection":[{"href":"https:\/\/cottolengo.org.br\/index.php?rest_route=\/wp\/v2\/posts"}],"about":[{"href":"https:\/\/cottolengo.org.br\/index.php?rest_route=\/wp\/v2\/types\/post"}],"author":[{"embeddable":true,"href":"https:\/\/cottolengo.org.br\/index.php?rest_route=\/wp\/v2\/users\/1"}],"replies":[{"embeddable":true,"href":"https:\/\/cottolengo.org.br\/index.php?rest_route=%2Fwp%2Fv2%2Fcomments&post=15720"}],"version-history":[{"count":0,"href":"https:\/\/cottolengo.org.br\/index.php?rest_route=\/wp\/v2\/posts\/15720\/revisions"}],"wp:featuredmedia":[{"embeddable":true,"href":"https:\/\/cottolengo.org.br\/index.php?rest_route=\/"}],"wp:attachment":[{"href":"https:\/\/cottolengo.org.br\/index.php?rest_route=%2Fwp%2Fv2%2Fmedia&parent=15720"}],"wp:term":[{"taxonomy":"category","embeddable":true,"href":"https:\/\/cottolengo.org.br\/index.php?rest_route=%2Fwp%2Fv2%2Fcategories&post=15720"},{"taxonomy":"post_tag","embeddable":true,"href":"https:\/\/cottolengo.org.br\/index.php?rest_route=%2Fwp%2Fv2%2Ftags&post=15720"}],"curies":[{"name":"wp","href":"https:\/\/api.w.org\/{rel}","templated":true}]}}