{"id":15746,"date":"2022-12-23T17:43:07","date_gmt":"2022-12-23T20:43:07","guid":{"rendered":"https:\/\/cottolengo.org.br\/?p=15746"},"modified":"2022-12-23T17:43:07","modified_gmt":"2022-12-23T20:43:07","slug":"vila-permanece-aberta-durante-as-festas-de-fim-de-ano","status":"publish","type":"post","link":"https:\/\/cottolengo.org.br\/?p=15746","title":{"rendered":"Vila permanece aberta durante as festas de fim de ano"},"content":{"rendered":"<p><span style=\"font-weight: 400; font-family: arial, helvetica, sans-serif; font-size: 12pt;\">Durante a \u00faltima semana do ano de 2022, a Vila S\u00e3o Cottolengo continua aberta para receber nossos amigos, parceiros e turistas. Interessados em conhecer a institui\u00e7\u00e3o podem faz\u00ea-lo normalmente, mesmo durante o Natal e o Ano Novo.\u00a0<\/span><\/p>\n<p><span style=\"font-family: arial, helvetica, sans-serif; font-size: 12pt;\"><span style=\"font-weight: 400;\">A visita\u00e7\u00e3o acontece das 8h \u00e0s 16h, todos os dias da semana (inclusive aos fins de semana e feriados).\u00a0<\/span><span style=\"font-weight: 400;\">Para agendar uma visita, basta ligar ou enviar uma mensagem para o WhatsApp de n\u00famero (62) 3506-9256. <\/span><\/span><\/p>\n<p><span style=\"font-family: arial, helvetica, sans-serif; font-size: 12pt;\">Aqueles que se interessarem podem ser acompanhados e fazer um passeio guiado pela institui\u00e7\u00e3o, de modo a visualizar todo o trabalho realizado. \u00c9 sempre uma alegria receber nossos irm\u00e3os que apoiam essa miss\u00e3o t\u00e3o especial! E<span style=\"font-weight: 400;\">speramos por voc\u00ea! <\/span><\/span><\/p>\n","protected":false},"excerpt":{"rendered":"<p>As visitas continuam acontecendo normalmente durante o Natal e o Ano Novo, inclusive aos fins de semana e feriados<\/p>\n","protected":false},"author":1,"featured_media":15747,"comment_status":"closed","ping_status":"closed","sticky":false,"template":"","format":"standard","meta":{"_acf_changed":false,"footnotes":""},"categories":[11],"tags":[22,13,95,84],"class_list":["post-15746","post","type-post","status-publish","format-standard","has-post-thumbnail","hentry","category-cottolengo","tag-natal","tag-vila-sao-cottolengo","tag-visita","tag-visitacao"],"acf":[],"yoast_head":"<!-- This site is optimized with the Yoast SEO plugin v27.2 - https:\/\/yoast.com\/product\/yoast-seo-wordpress\/ -->\n<title>Vila permanece aberta durante as festas de fim de ano - Nossa Providencia \u00e9 Voc\u00ea<\/title>\n<meta name=\"description\" content=\"As visitas continuam acontecendo normalmente durante o Natal e o Ano Novo, inclusive aos fins de semana e feriados\" \/>\n<meta name=\"robots\" content=\"index, follow, max-snippet:-1, max-image-preview:large, max-video-preview:-1\" \/>\n<link rel=\"canonical\" href=\"https:\/\/cottolengo.org.br\/?p=15746\" \/>\n<meta property=\"og:locale\" content=\"pt_BR\" \/>\n<meta property=\"og:type\" content=\"article\" \/>\n<meta property=\"og:title\" content=\"Vila permanece aberta durante as festas de fim de ano - Nossa Providencia \u00e9 Voc\u00ea\" \/>\n<meta property=\"og:description\" content=\"As visitas continuam acontecendo normalmente durante o Natal e o Ano Novo, inclusive aos fins de semana e feriados\" \/>\n<meta property=\"og:url\" content=\"https:\/\/cottolengo.org.br\/?p=15746\" \/>\n<meta property=\"og:site_name\" content=\"Nossa Providencia \u00e9 Voc\u00ea\" \/>\n<meta property=\"article:published_time\" content=\"2022-12-23T20:43:07+00:00\" \/>\n<meta name=\"author\" content=\"agencia\" \/>\n<meta name=\"twitter:card\" content=\"summary_large_image\" \/>\n<meta name=\"twitter:label1\" content=\"Escrito por\" \/>\n\t<meta name=\"twitter:data1\" content=\"agencia\" \/>\n\t<meta name=\"twitter:label2\" content=\"Est. tempo de leitura\" \/>\n\t<meta name=\"twitter:data2\" content=\"1 minuto\" \/>\n<script type=\"application\/ld+json\" class=\"yoast-schema-graph\">{\"@context\":\"https:\/\/schema.org\",\"@graph\":[{\"@type\":\"Article\",\"@id\":\"https:\/\/cottolengo.org.br\/?p=15746#article\",\"isPartOf\":{\"@id\":\"https:\/\/cottolengo.org.br\/?p=15746\"},\"author\":{\"name\":\"agencia\",\"@id\":\"https:\/\/cottolengo.org.br\/#\/schema\/person\/964e23bf508df6935336ee8da52c27c9\"},\"headline\":\"Vila permanece aberta durante as festas de fim de ano\",\"datePublished\":\"2022-12-23T20:43:07+00:00\",\"mainEntityOfPage\":{\"@id\":\"https:\/\/cottolengo.org.br\/?p=15746\"},\"wordCount\":127,\"publisher\":{\"@id\":\"https:\/\/cottolengo.org.br\/#organization\"},\"image\":{\"@id\":\"https:\/\/cottolengo.org.br\/?p=15746#primaryimage\"},\"thumbnailUrl\":\"\",\"keywords\":[\"Natal\",\"Vila S\u00e3o Cottolengo\",\"visita\",\"visita\u00e7\u00e3o\"],\"articleSection\":[\"Cottolengo\"],\"inLanguage\":\"pt-BR\"},{\"@type\":\"WebPage\",\"@id\":\"https:\/\/cottolengo.org.br\/?p=15746\",\"url\":\"https:\/\/cottolengo.org.br\/?p=15746\",\"name\":\"Vila permanece aberta durante as festas de fim de ano - Nossa Providencia \u00e9 Voc\u00ea\",\"isPartOf\":{\"@id\":\"https:\/\/cottolengo.org.br\/#website\"},\"primaryImageOfPage\":{\"@id\":\"https:\/\/cottolengo.org.br\/?p=15746#primaryimage\"},\"image\":{\"@id\":\"https:\/\/cottolengo.org.br\/?p=15746#primaryimage\"},\"thumbnailUrl\":\"\",\"datePublished\":\"2022-12-23T20:43:07+00:00\",\"description\":\"As visitas continuam acontecendo normalmente durante o Natal e o Ano Novo, inclusive aos fins de semana e feriados\",\"breadcrumb\":{\"@id\":\"https:\/\/cottolengo.org.br\/?p=15746#breadcrumb\"},\"inLanguage\":\"pt-BR\",\"potentialAction\":[{\"@type\":\"ReadAction\",\"target\":[\"https:\/\/cottolengo.org.br\/?p=15746\"]}]},{\"@type\":\"ImageObject\",\"inLanguage\":\"pt-BR\",\"@id\":\"https:\/\/cottolengo.org.br\/?p=15746#primaryimage\",\"url\":\"\",\"contentUrl\":\"\"},{\"@type\":\"BreadcrumbList\",\"@id\":\"https:\/\/cottolengo.org.br\/?p=15746#breadcrumb\",\"itemListElement\":[{\"@type\":\"ListItem\",\"position\":1,\"name\":\"In\u00edcio\",\"item\":\"https:\/\/cottolengo.org.br\/\"},{\"@type\":\"ListItem\",\"position\":2,\"name\":\"Vila permanece aberta durante as festas de fim de ano\"}]},{\"@type\":\"WebSite\",\"@id\":\"https:\/\/cottolengo.org.br\/#website\",\"url\":\"https:\/\/cottolengo.org.br\/\",\"name\":\"Vila S\u00e3o Cottolengo\",\"description\":\"\",\"publisher\":{\"@id\":\"https:\/\/cottolengo.org.br\/#organization\"},\"potentialAction\":[{\"@type\":\"SearchAction\",\"target\":{\"@type\":\"EntryPoint\",\"urlTemplate\":\"https:\/\/cottolengo.org.br\/?s={search_term_string}\"},\"query-input\":{\"@type\":\"PropertyValueSpecification\",\"valueRequired\":true,\"valueName\":\"search_term_string\"}}],\"inLanguage\":\"pt-BR\"},{\"@type\":\"Organization\",\"@id\":\"https:\/\/cottolengo.org.br\/#organization\",\"name\":\"Vila S\u00e3o Cottolengo\",\"url\":\"https:\/\/cottolengo.org.br\/\",\"logo\":{\"@type\":\"ImageObject\",\"inLanguage\":\"pt-BR\",\"@id\":\"https:\/\/cottolengo.org.br\/#\/schema\/logo\/image\/\",\"url\":\"https:\/\/cottolengo.org.br\/wp-content\/uploads\/2025\/05\/logo-oficial.png\",\"contentUrl\":\"https:\/\/cottolengo.org.br\/wp-content\/uploads\/2025\/05\/logo-oficial.png\",\"width\":200,\"height\":150,\"caption\":\"Vila S\u00e3o Cottolengo\"},\"image\":{\"@id\":\"https:\/\/cottolengo.org.br\/#\/schema\/logo\/image\/\"},\"sameAs\":[\"https:\/\/youtube.com\/user\/VilaSaoCottolengo\",\"https:\/\/instagram.com\/vilasaocottolengo\"]},{\"@type\":\"Person\",\"@id\":\"https:\/\/cottolengo.org.br\/#\/schema\/person\/964e23bf508df6935336ee8da52c27c9\",\"name\":\"agencia\",\"image\":{\"@type\":\"ImageObject\",\"inLanguage\":\"pt-BR\",\"@id\":\"https:\/\/secure.gravatar.com\/avatar\/4b7e211b49014369f51c8e09acdd2b65afa7ce2ee83764b3c090dc1f607a8ddd?s=96&d=mm&r=g\",\"url\":\"https:\/\/secure.gravatar.com\/avatar\/4b7e211b49014369f51c8e09acdd2b65afa7ce2ee83764b3c090dc1f607a8ddd?s=96&d=mm&r=g\",\"contentUrl\":\"https:\/\/secure.gravatar.com\/avatar\/4b7e211b49014369f51c8e09acdd2b65afa7ce2ee83764b3c090dc1f607a8ddd?s=96&d=mm&r=g\",\"caption\":\"agencia\"},\"sameAs\":[\"https:\/\/cottolengo.org.br\"],\"url\":\"https:\/\/cottolengo.org.br\/?author=1\"}]}<\/script>\n<!-- \/ Yoast SEO plugin. -->","yoast_head_json":{"title":"Vila permanece aberta durante as festas de fim de ano - Nossa Providencia \u00e9 Voc\u00ea","description":"As visitas continuam acontecendo normalmente durante o Natal e o Ano Novo, inclusive aos fins de semana e feriados","robots":{"index":"index","follow":"follow","max-snippet":"max-snippet:-1","max-image-preview":"max-image-preview:large","max-video-preview":"max-video-preview:-1"},"canonical":"https:\/\/cottolengo.org.br\/?p=15746","og_locale":"pt_BR","og_type":"article","og_title":"Vila permanece aberta durante as festas de fim de ano - Nossa Providencia \u00e9 Voc\u00ea","og_description":"As visitas continuam acontecendo normalmente durante o Natal e o Ano Novo, inclusive aos fins de semana e feriados","og_url":"https:\/\/cottolengo.org.br\/?p=15746","og_site_name":"Nossa Providencia \u00e9 Voc\u00ea","article_published_time":"2022-12-23T20:43:07+00:00","author":"agencia","twitter_card":"summary_large_image","twitter_misc":{"Escrito por":"agencia","Est. tempo de leitura":"1 minuto"},"schema":{"@context":"https:\/\/schema.org","@graph":[{"@type":"Article","@id":"https:\/\/cottolengo.org.br\/?p=15746#article","isPartOf":{"@id":"https:\/\/cottolengo.org.br\/?p=15746"},"author":{"name":"agencia","@id":"https:\/\/cottolengo.org.br\/#\/schema\/person\/964e23bf508df6935336ee8da52c27c9"},"headline":"Vila permanece aberta durante as festas de fim de ano","datePublished":"2022-12-23T20:43:07+00:00","mainEntityOfPage":{"@id":"https:\/\/cottolengo.org.br\/?p=15746"},"wordCount":127,"publisher":{"@id":"https:\/\/cottolengo.org.br\/#organization"},"image":{"@id":"https:\/\/cottolengo.org.br\/?p=15746#primaryimage"},"thumbnailUrl":"","keywords":["Natal","Vila S\u00e3o Cottolengo","visita","visita\u00e7\u00e3o"],"articleSection":["Cottolengo"],"inLanguage":"pt-BR"},{"@type":"WebPage","@id":"https:\/\/cottolengo.org.br\/?p=15746","url":"https:\/\/cottolengo.org.br\/?p=15746","name":"Vila permanece aberta durante as festas de fim de ano - Nossa Providencia \u00e9 Voc\u00ea","isPartOf":{"@id":"https:\/\/cottolengo.org.br\/#website"},"primaryImageOfPage":{"@id":"https:\/\/cottolengo.org.br\/?p=15746#primaryimage"},"image":{"@id":"https:\/\/cottolengo.org.br\/?p=15746#primaryimage"},"thumbnailUrl":"","datePublished":"2022-12-23T20:43:07+00:00","description":"As visitas continuam acontecendo normalmente durante o Natal e o Ano Novo, inclusive aos fins de semana e feriados","breadcrumb":{"@id":"https:\/\/cottolengo.org.br\/?p=15746#breadcrumb"},"inLanguage":"pt-BR","potentialAction":[{"@type":"ReadAction","target":["https:\/\/cottolengo.org.br\/?p=15746"]}]},{"@type":"ImageObject","inLanguage":"pt-BR","@id":"https:\/\/cottolengo.org.br\/?p=15746#primaryimage","url":"","contentUrl":""},{"@type":"BreadcrumbList","@id":"https:\/\/cottolengo.org.br\/?p=15746#breadcrumb","itemListElement":[{"@type":"ListItem","position":1,"name":"In\u00edcio","item":"https:\/\/cottolengo.org.br\/"},{"@type":"ListItem","position":2,"name":"Vila permanece aberta durante as festas de fim de ano"}]},{"@type":"WebSite","@id":"https:\/\/cottolengo.org.br\/#website","url":"https:\/\/cottolengo.org.br\/","name":"Vila S\u00e3o Cottolengo","description":"","publisher":{"@id":"https:\/\/cottolengo.org.br\/#organization"},"potentialAction":[{"@type":"SearchAction","target":{"@type":"EntryPoint","urlTemplate":"https:\/\/cottolengo.org.br\/?s={search_term_string}"},"query-input":{"@type":"PropertyValueSpecification","valueRequired":true,"valueName":"search_term_string"}}],"inLanguage":"pt-BR"},{"@type":"Organization","@id":"https:\/\/cottolengo.org.br\/#organization","name":"Vila S\u00e3o Cottolengo","url":"https:\/\/cottolengo.org.br\/","logo":{"@type":"ImageObject","inLanguage":"pt-BR","@id":"https:\/\/cottolengo.org.br\/#\/schema\/logo\/image\/","url":"https:\/\/cottolengo.org.br\/wp-content\/uploads\/2025\/05\/logo-oficial.png","contentUrl":"https:\/\/cottolengo.org.br\/wp-content\/uploads\/2025\/05\/logo-oficial.png","width":200,"height":150,"caption":"Vila S\u00e3o Cottolengo"},"image":{"@id":"https:\/\/cottolengo.org.br\/#\/schema\/logo\/image\/"},"sameAs":["https:\/\/youtube.com\/user\/VilaSaoCottolengo","https:\/\/instagram.com\/vilasaocottolengo"]},{"@type":"Person","@id":"https:\/\/cottolengo.org.br\/#\/schema\/person\/964e23bf508df6935336ee8da52c27c9","name":"agencia","image":{"@type":"ImageObject","inLanguage":"pt-BR","@id":"https:\/\/secure.gravatar.com\/avatar\/4b7e211b49014369f51c8e09acdd2b65afa7ce2ee83764b3c090dc1f607a8ddd?s=96&d=mm&r=g","url":"https:\/\/secure.gravatar.com\/avatar\/4b7e211b49014369f51c8e09acdd2b65afa7ce2ee83764b3c090dc1f607a8ddd?s=96&d=mm&r=g","contentUrl":"https:\/\/secure.gravatar.com\/avatar\/4b7e211b49014369f51c8e09acdd2b65afa7ce2ee83764b3c090dc1f607a8ddd?s=96&d=mm&r=g","caption":"agencia"},"sameAs":["https:\/\/cottolengo.org.br"],"url":"https:\/\/cottolengo.org.br\/?author=1"}]}},"_links":{"self":[{"href":"https:\/\/cottolengo.org.br\/index.php?rest_route=\/wp\/v2\/posts\/15746","targetHints":{"allow":["GET"]}}],"collection":[{"href":"https:\/\/cottolengo.org.br\/index.php?rest_route=\/wp\/v2\/posts"}],"about":[{"href":"https:\/\/cottolengo.org.br\/index.php?rest_route=\/wp\/v2\/types\/post"}],"author":[{"embeddable":true,"href":"https:\/\/cottolengo.org.br\/index.php?rest_route=\/wp\/v2\/users\/1"}],"replies":[{"embeddable":true,"href":"https:\/\/cottolengo.org.br\/index.php?rest_route=%2Fwp%2Fv2%2Fcomments&post=15746"}],"version-history":[{"count":0,"href":"https:\/\/cottolengo.org.br\/index.php?rest_route=\/wp\/v2\/posts\/15746\/revisions"}],"wp:featuredmedia":[{"embeddable":true,"href":"https:\/\/cottolengo.org.br\/index.php?rest_route=\/"}],"wp:attachment":[{"href":"https:\/\/cottolengo.org.br\/index.php?rest_route=%2Fwp%2Fv2%2Fmedia&parent=15746"}],"wp:term":[{"taxonomy":"category","embeddable":true,"href":"https:\/\/cottolengo.org.br\/index.php?rest_route=%2Fwp%2Fv2%2Fcategories&post=15746"},{"taxonomy":"post_tag","embeddable":true,"href":"https:\/\/cottolengo.org.br\/index.php?rest_route=%2Fwp%2Fv2%2Ftags&post=15746"}],"curies":[{"name":"wp","href":"https:\/\/api.w.org\/{rel}","templated":true}]}}