{"id":15755,"date":"2023-01-18T15:38:43","date_gmt":"2023-01-18T18:38:43","guid":{"rendered":"https:\/\/cottolengo.org.br\/?p=15755"},"modified":"2023-01-18T15:38:43","modified_gmt":"2023-01-18T18:38:43","slug":"campanha-doe-aconchego-e-encerrada-e-ganhadores-dos-premios-sao-revelados","status":"publish","type":"post","link":"https:\/\/cottolengo.org.br\/?p=15755","title":{"rendered":"Campanha Doe Aconchego \u00e9 encerrada e ganhadores dos pr\u00eamios s\u00e3o revelados"},"content":{"rendered":"<p align=\"justify\"><span style=\"font-family: Arial, sans-serif;\">Ap\u00f3s dois meses de trabalho e arrecada\u00e7\u00f5es, a campanha Doe Aconchego chegou ao fim. Na manh\u00e3 desta quarta-feira, 18, foram anunciados os ganhadores dos tr\u00eas pr\u00eamios propostos durante a campanha: uma TV 50\u201d UHD 4K, um iPhone 13 e uma Moto Honda Fan 2023. <\/span><\/p>\n<p align=\"justify\"><span style=\"font-family: Arial, sans-serif;\">O n\u00famero do cupom sorteado para o terceiro pr\u00eamio (TV 50\u201d) foi 07249, enquanto o cupom retirado da urna para a decis\u00e3o do segundo ganhador (que foi agraciado com um iPhone 13) corresponde ao n\u00famero 03902. Por fim, o cupom que determinou o ganhador do primeiro e mais aguardado pr\u00eamio (Moto 0 km) foi o de n\u00famero 07690. <\/span><\/p>\n<p align=\"justify\"><span style=\"font-family: Arial, sans-serif;\">Todos os ganhadores residem na cidade de Goi\u00e2nia, em Goi\u00e1s. O sorteio foi transmitido ao vivo atrav\u00e9s do Instagram oficial da Vila S\u00e3o Cottolengo &#8211; que \u00e9 @vilasaocottolengo &#8211; e permanecer\u00e1 salvo no perfil da institui\u00e7\u00e3o. <\/span><\/p>\n<h2 align=\"justify\"><span style=\"font-family: arial, helvetica, sans-serif;\">A campanha<\/span><\/h2>\n<p align=\"justify\"><span style=\"font-family: Arial, sans-serif;\">A campanha Doe Aconchego 2022 teve o objetivo de arrecadar fundos para a reforma das Unidades de Interna\u00e7\u00e3o Permanente da Vila S\u00e3o Cottolengo. Mais de 300 pacientes s\u00e3o acolhidos na institui\u00e7\u00e3o e, por isso, adapta\u00e7\u00f5es s\u00e3o sempre demandadas para atender as necessidades de cada um deles. <\/span><\/p>\n<p align=\"justify\"><span style=\"font-family: Arial, sans-serif;\">A cada R$ 20,00 doados, os apoiadores receberam um cupom para participar do sorteio, realizado nesta manh\u00e3. Ao todo, foram arrecadados R$ 196.982,00, valor que se aproxima muito da meta proposta para a campanha (R$ 200.000,00). <\/span><\/p>\n<p align=\"justify\"><span style=\"font-family: Arial, sans-serif;\">O montante arrecadado ao longo destes dois meses (entre os dias 09 de novembro de 2022 e 10 de janeiro de 2023) ser\u00e1 integralmente utilizado para a conclus\u00e3o das obras da Unidade Santa Teresa (cuja amplia\u00e7\u00e3o j\u00e1 est\u00e1 em andamento) e para dar in\u00edcio \u00e0 reforma da Unidade Menino Jesus e Virgem Poderosa, que atualmente \u00e9 o lar de 25 crian\u00e7as com m\u00faltiplas defici\u00eancias. <\/span><\/p>\n","protected":false},"excerpt":{"rendered":"<p>O valor arrecadado na campanha ser\u00e1 utilizado na reforma das Unidades de Interna\u00e7\u00e3o Permanente da Vila S\u00e3o Cottolengo<\/p>\n","protected":false},"author":1,"featured_media":15756,"comment_status":"closed","ping_status":"closed","sticky":false,"template":"","format":"standard","meta":{"_acf_changed":false,"footnotes":""},"categories":[11],"tags":[71,125,103,13],"class_list":["post-15755","post","type-post","status-publish","format-standard","has-post-thumbnail","hentry","category-cottolengo","tag-campanha","tag-doe-aconchego","tag-sorteio","tag-vila-sao-cottolengo"],"acf":[],"yoast_head":"<!-- This site is optimized with the Yoast SEO plugin v27.2 - https:\/\/yoast.com\/product\/yoast-seo-wordpress\/ -->\n<title>Campanha Doe Aconchego \u00e9 encerrada e ganhadores dos pr\u00eamios s\u00e3o revelados - Nossa Providencia \u00e9 Voc\u00ea<\/title>\n<meta name=\"description\" content=\"O valor arrecadado na campanha ser\u00e1 utilizado na reforma das Unidades de Interna\u00e7\u00e3o Permanente da Vila S\u00e3o Cottolengo\" \/>\n<meta name=\"robots\" content=\"index, follow, max-snippet:-1, max-image-preview:large, max-video-preview:-1\" \/>\n<link rel=\"canonical\" href=\"https:\/\/cottolengo.org.br\/?p=15755\" \/>\n<meta property=\"og:locale\" content=\"pt_BR\" \/>\n<meta property=\"og:type\" content=\"article\" \/>\n<meta property=\"og:title\" content=\"Campanha Doe Aconchego \u00e9 encerrada e ganhadores dos pr\u00eamios s\u00e3o revelados - Nossa Providencia \u00e9 Voc\u00ea\" \/>\n<meta property=\"og:description\" content=\"O valor arrecadado na campanha ser\u00e1 utilizado na reforma das Unidades de Interna\u00e7\u00e3o Permanente da Vila S\u00e3o Cottolengo\" \/>\n<meta property=\"og:url\" content=\"https:\/\/cottolengo.org.br\/?p=15755\" \/>\n<meta property=\"og:site_name\" content=\"Nossa Providencia \u00e9 Voc\u00ea\" \/>\n<meta property=\"article:published_time\" content=\"2023-01-18T18:38:43+00:00\" \/>\n<meta name=\"author\" content=\"agencia\" \/>\n<meta name=\"twitter:card\" content=\"summary_large_image\" \/>\n<meta name=\"twitter:label1\" content=\"Escrito por\" \/>\n\t<meta name=\"twitter:data1\" content=\"agencia\" \/>\n\t<meta name=\"twitter:label2\" content=\"Est. tempo de leitura\" \/>\n\t<meta name=\"twitter:data2\" content=\"2 minutos\" \/>\n<script type=\"application\/ld+json\" class=\"yoast-schema-graph\">{\"@context\":\"https:\/\/schema.org\",\"@graph\":[{\"@type\":\"Article\",\"@id\":\"https:\/\/cottolengo.org.br\/?p=15755#article\",\"isPartOf\":{\"@id\":\"https:\/\/cottolengo.org.br\/?p=15755\"},\"author\":{\"name\":\"agencia\",\"@id\":\"https:\/\/cottolengo.org.br\/#\/schema\/person\/964e23bf508df6935336ee8da52c27c9\"},\"headline\":\"Campanha Doe Aconchego \u00e9 encerrada e ganhadores dos pr\u00eamios s\u00e3o revelados\",\"datePublished\":\"2023-01-18T18:38:43+00:00\",\"mainEntityOfPage\":{\"@id\":\"https:\/\/cottolengo.org.br\/?p=15755\"},\"wordCount\":302,\"publisher\":{\"@id\":\"https:\/\/cottolengo.org.br\/#organization\"},\"image\":{\"@id\":\"https:\/\/cottolengo.org.br\/?p=15755#primaryimage\"},\"thumbnailUrl\":\"\",\"keywords\":[\"campanha\",\"Doe Aconchego\",\"sorteio\",\"Vila S\u00e3o Cottolengo\"],\"articleSection\":[\"Cottolengo\"],\"inLanguage\":\"pt-BR\"},{\"@type\":\"WebPage\",\"@id\":\"https:\/\/cottolengo.org.br\/?p=15755\",\"url\":\"https:\/\/cottolengo.org.br\/?p=15755\",\"name\":\"Campanha Doe Aconchego \u00e9 encerrada e ganhadores dos pr\u00eamios s\u00e3o revelados - Nossa Providencia \u00e9 Voc\u00ea\",\"isPartOf\":{\"@id\":\"https:\/\/cottolengo.org.br\/#website\"},\"primaryImageOfPage\":{\"@id\":\"https:\/\/cottolengo.org.br\/?p=15755#primaryimage\"},\"image\":{\"@id\":\"https:\/\/cottolengo.org.br\/?p=15755#primaryimage\"},\"thumbnailUrl\":\"\",\"datePublished\":\"2023-01-18T18:38:43+00:00\",\"description\":\"O valor arrecadado na campanha ser\u00e1 utilizado na reforma das Unidades de Interna\u00e7\u00e3o Permanente da Vila S\u00e3o Cottolengo\",\"breadcrumb\":{\"@id\":\"https:\/\/cottolengo.org.br\/?p=15755#breadcrumb\"},\"inLanguage\":\"pt-BR\",\"potentialAction\":[{\"@type\":\"ReadAction\",\"target\":[\"https:\/\/cottolengo.org.br\/?p=15755\"]}]},{\"@type\":\"ImageObject\",\"inLanguage\":\"pt-BR\",\"@id\":\"https:\/\/cottolengo.org.br\/?p=15755#primaryimage\",\"url\":\"\",\"contentUrl\":\"\"},{\"@type\":\"BreadcrumbList\",\"@id\":\"https:\/\/cottolengo.org.br\/?p=15755#breadcrumb\",\"itemListElement\":[{\"@type\":\"ListItem\",\"position\":1,\"name\":\"In\u00edcio\",\"item\":\"https:\/\/cottolengo.org.br\/\"},{\"@type\":\"ListItem\",\"position\":2,\"name\":\"Campanha Doe Aconchego \u00e9 encerrada e ganhadores dos pr\u00eamios s\u00e3o revelados\"}]},{\"@type\":\"WebSite\",\"@id\":\"https:\/\/cottolengo.org.br\/#website\",\"url\":\"https:\/\/cottolengo.org.br\/\",\"name\":\"Vila S\u00e3o Cottolengo\",\"description\":\"\",\"publisher\":{\"@id\":\"https:\/\/cottolengo.org.br\/#organization\"},\"potentialAction\":[{\"@type\":\"SearchAction\",\"target\":{\"@type\":\"EntryPoint\",\"urlTemplate\":\"https:\/\/cottolengo.org.br\/?s={search_term_string}\"},\"query-input\":{\"@type\":\"PropertyValueSpecification\",\"valueRequired\":true,\"valueName\":\"search_term_string\"}}],\"inLanguage\":\"pt-BR\"},{\"@type\":\"Organization\",\"@id\":\"https:\/\/cottolengo.org.br\/#organization\",\"name\":\"Vila S\u00e3o Cottolengo\",\"url\":\"https:\/\/cottolengo.org.br\/\",\"logo\":{\"@type\":\"ImageObject\",\"inLanguage\":\"pt-BR\",\"@id\":\"https:\/\/cottolengo.org.br\/#\/schema\/logo\/image\/\",\"url\":\"https:\/\/cottolengo.org.br\/wp-content\/uploads\/2025\/05\/logo-oficial.png\",\"contentUrl\":\"https:\/\/cottolengo.org.br\/wp-content\/uploads\/2025\/05\/logo-oficial.png\",\"width\":200,\"height\":150,\"caption\":\"Vila S\u00e3o Cottolengo\"},\"image\":{\"@id\":\"https:\/\/cottolengo.org.br\/#\/schema\/logo\/image\/\"},\"sameAs\":[\"https:\/\/youtube.com\/user\/VilaSaoCottolengo\",\"https:\/\/instagram.com\/vilasaocottolengo\"]},{\"@type\":\"Person\",\"@id\":\"https:\/\/cottolengo.org.br\/#\/schema\/person\/964e23bf508df6935336ee8da52c27c9\",\"name\":\"agencia\",\"image\":{\"@type\":\"ImageObject\",\"inLanguage\":\"pt-BR\",\"@id\":\"https:\/\/secure.gravatar.com\/avatar\/4b7e211b49014369f51c8e09acdd2b65afa7ce2ee83764b3c090dc1f607a8ddd?s=96&d=mm&r=g\",\"url\":\"https:\/\/secure.gravatar.com\/avatar\/4b7e211b49014369f51c8e09acdd2b65afa7ce2ee83764b3c090dc1f607a8ddd?s=96&d=mm&r=g\",\"contentUrl\":\"https:\/\/secure.gravatar.com\/avatar\/4b7e211b49014369f51c8e09acdd2b65afa7ce2ee83764b3c090dc1f607a8ddd?s=96&d=mm&r=g\",\"caption\":\"agencia\"},\"sameAs\":[\"https:\/\/cottolengo.org.br\"],\"url\":\"https:\/\/cottolengo.org.br\/?author=1\"}]}<\/script>\n<!-- \/ Yoast SEO plugin. -->","yoast_head_json":{"title":"Campanha Doe Aconchego \u00e9 encerrada e ganhadores dos pr\u00eamios s\u00e3o revelados - Nossa Providencia \u00e9 Voc\u00ea","description":"O valor arrecadado na campanha ser\u00e1 utilizado na reforma das Unidades de Interna\u00e7\u00e3o Permanente da Vila S\u00e3o Cottolengo","robots":{"index":"index","follow":"follow","max-snippet":"max-snippet:-1","max-image-preview":"max-image-preview:large","max-video-preview":"max-video-preview:-1"},"canonical":"https:\/\/cottolengo.org.br\/?p=15755","og_locale":"pt_BR","og_type":"article","og_title":"Campanha Doe Aconchego \u00e9 encerrada e ganhadores dos pr\u00eamios s\u00e3o revelados - Nossa Providencia \u00e9 Voc\u00ea","og_description":"O valor arrecadado na campanha ser\u00e1 utilizado na reforma das Unidades de Interna\u00e7\u00e3o Permanente da Vila S\u00e3o Cottolengo","og_url":"https:\/\/cottolengo.org.br\/?p=15755","og_site_name":"Nossa Providencia \u00e9 Voc\u00ea","article_published_time":"2023-01-18T18:38:43+00:00","author":"agencia","twitter_card":"summary_large_image","twitter_misc":{"Escrito por":"agencia","Est. tempo de leitura":"2 minutos"},"schema":{"@context":"https:\/\/schema.org","@graph":[{"@type":"Article","@id":"https:\/\/cottolengo.org.br\/?p=15755#article","isPartOf":{"@id":"https:\/\/cottolengo.org.br\/?p=15755"},"author":{"name":"agencia","@id":"https:\/\/cottolengo.org.br\/#\/schema\/person\/964e23bf508df6935336ee8da52c27c9"},"headline":"Campanha Doe Aconchego \u00e9 encerrada e ganhadores dos pr\u00eamios s\u00e3o revelados","datePublished":"2023-01-18T18:38:43+00:00","mainEntityOfPage":{"@id":"https:\/\/cottolengo.org.br\/?p=15755"},"wordCount":302,"publisher":{"@id":"https:\/\/cottolengo.org.br\/#organization"},"image":{"@id":"https:\/\/cottolengo.org.br\/?p=15755#primaryimage"},"thumbnailUrl":"","keywords":["campanha","Doe Aconchego","sorteio","Vila S\u00e3o Cottolengo"],"articleSection":["Cottolengo"],"inLanguage":"pt-BR"},{"@type":"WebPage","@id":"https:\/\/cottolengo.org.br\/?p=15755","url":"https:\/\/cottolengo.org.br\/?p=15755","name":"Campanha Doe Aconchego \u00e9 encerrada e ganhadores dos pr\u00eamios s\u00e3o revelados - Nossa Providencia \u00e9 Voc\u00ea","isPartOf":{"@id":"https:\/\/cottolengo.org.br\/#website"},"primaryImageOfPage":{"@id":"https:\/\/cottolengo.org.br\/?p=15755#primaryimage"},"image":{"@id":"https:\/\/cottolengo.org.br\/?p=15755#primaryimage"},"thumbnailUrl":"","datePublished":"2023-01-18T18:38:43+00:00","description":"O valor arrecadado na campanha ser\u00e1 utilizado na reforma das Unidades de Interna\u00e7\u00e3o Permanente da Vila S\u00e3o Cottolengo","breadcrumb":{"@id":"https:\/\/cottolengo.org.br\/?p=15755#breadcrumb"},"inLanguage":"pt-BR","potentialAction":[{"@type":"ReadAction","target":["https:\/\/cottolengo.org.br\/?p=15755"]}]},{"@type":"ImageObject","inLanguage":"pt-BR","@id":"https:\/\/cottolengo.org.br\/?p=15755#primaryimage","url":"","contentUrl":""},{"@type":"BreadcrumbList","@id":"https:\/\/cottolengo.org.br\/?p=15755#breadcrumb","itemListElement":[{"@type":"ListItem","position":1,"name":"In\u00edcio","item":"https:\/\/cottolengo.org.br\/"},{"@type":"ListItem","position":2,"name":"Campanha Doe Aconchego \u00e9 encerrada e ganhadores dos pr\u00eamios s\u00e3o revelados"}]},{"@type":"WebSite","@id":"https:\/\/cottolengo.org.br\/#website","url":"https:\/\/cottolengo.org.br\/","name":"Vila S\u00e3o Cottolengo","description":"","publisher":{"@id":"https:\/\/cottolengo.org.br\/#organization"},"potentialAction":[{"@type":"SearchAction","target":{"@type":"EntryPoint","urlTemplate":"https:\/\/cottolengo.org.br\/?s={search_term_string}"},"query-input":{"@type":"PropertyValueSpecification","valueRequired":true,"valueName":"search_term_string"}}],"inLanguage":"pt-BR"},{"@type":"Organization","@id":"https:\/\/cottolengo.org.br\/#organization","name":"Vila S\u00e3o Cottolengo","url":"https:\/\/cottolengo.org.br\/","logo":{"@type":"ImageObject","inLanguage":"pt-BR","@id":"https:\/\/cottolengo.org.br\/#\/schema\/logo\/image\/","url":"https:\/\/cottolengo.org.br\/wp-content\/uploads\/2025\/05\/logo-oficial.png","contentUrl":"https:\/\/cottolengo.org.br\/wp-content\/uploads\/2025\/05\/logo-oficial.png","width":200,"height":150,"caption":"Vila S\u00e3o Cottolengo"},"image":{"@id":"https:\/\/cottolengo.org.br\/#\/schema\/logo\/image\/"},"sameAs":["https:\/\/youtube.com\/user\/VilaSaoCottolengo","https:\/\/instagram.com\/vilasaocottolengo"]},{"@type":"Person","@id":"https:\/\/cottolengo.org.br\/#\/schema\/person\/964e23bf508df6935336ee8da52c27c9","name":"agencia","image":{"@type":"ImageObject","inLanguage":"pt-BR","@id":"https:\/\/secure.gravatar.com\/avatar\/4b7e211b49014369f51c8e09acdd2b65afa7ce2ee83764b3c090dc1f607a8ddd?s=96&d=mm&r=g","url":"https:\/\/secure.gravatar.com\/avatar\/4b7e211b49014369f51c8e09acdd2b65afa7ce2ee83764b3c090dc1f607a8ddd?s=96&d=mm&r=g","contentUrl":"https:\/\/secure.gravatar.com\/avatar\/4b7e211b49014369f51c8e09acdd2b65afa7ce2ee83764b3c090dc1f607a8ddd?s=96&d=mm&r=g","caption":"agencia"},"sameAs":["https:\/\/cottolengo.org.br"],"url":"https:\/\/cottolengo.org.br\/?author=1"}]}},"_links":{"self":[{"href":"https:\/\/cottolengo.org.br\/index.php?rest_route=\/wp\/v2\/posts\/15755","targetHints":{"allow":["GET"]}}],"collection":[{"href":"https:\/\/cottolengo.org.br\/index.php?rest_route=\/wp\/v2\/posts"}],"about":[{"href":"https:\/\/cottolengo.org.br\/index.php?rest_route=\/wp\/v2\/types\/post"}],"author":[{"embeddable":true,"href":"https:\/\/cottolengo.org.br\/index.php?rest_route=\/wp\/v2\/users\/1"}],"replies":[{"embeddable":true,"href":"https:\/\/cottolengo.org.br\/index.php?rest_route=%2Fwp%2Fv2%2Fcomments&post=15755"}],"version-history":[{"count":0,"href":"https:\/\/cottolengo.org.br\/index.php?rest_route=\/wp\/v2\/posts\/15755\/revisions"}],"wp:featuredmedia":[{"embeddable":true,"href":"https:\/\/cottolengo.org.br\/index.php?rest_route=\/"}],"wp:attachment":[{"href":"https:\/\/cottolengo.org.br\/index.php?rest_route=%2Fwp%2Fv2%2Fmedia&parent=15755"}],"wp:term":[{"taxonomy":"category","embeddable":true,"href":"https:\/\/cottolengo.org.br\/index.php?rest_route=%2Fwp%2Fv2%2Fcategories&post=15755"},{"taxonomy":"post_tag","embeddable":true,"href":"https:\/\/cottolengo.org.br\/index.php?rest_route=%2Fwp%2Fv2%2Ftags&post=15755"}],"curies":[{"name":"wp","href":"https:\/\/api.w.org\/{rel}","templated":true}]}}